{"id":91993,"date":"2009-01-29T21:11:56","date_gmt":"2009-01-29T21:11:56","guid":{"rendered":"http:\/\/diariodominicano.ddns.net\/?p=91993"},"modified":"2009-01-29T21:11:56","modified_gmt":"2009-01-29T21:11:56","slug":"todo-listo-para-reconocimiento-a-jovenes-destacados","status":"publish","type":"post","link":"https:\/\/diariodominicano.com\/?p=91993","title":{"rendered":"TODO LISTO PARA RECONOCIMIENTO A JOVENES DESTACADOS"},"content":{"rendered":"<p><body><\/p>\n<p align=\"justify\"><strong class=\"titulogrande1\">TODO LISTO PARA  RECONOCIMIENTO A JOVENES DESTACADOS<\/strong> <br \/>&#13;<br \/>\n    <strong>\u00a0<\/strong> <br \/>&#13;<br \/>\n    <span class=\"text1noticias\"><strong>SANTIAGO.-<\/strong>Todo se encuentra listo para la entrega, en la ma\u00f1na de este viernes, de  la segunda versi\u00f3n del Premio Municipal de la Juventud \u201cSantiago  Ap\u00f3stol\u201d, en el que se reconocer\u00e1n a j\u00f3venes meritorios de esta ciudad.<\/span><\/p>\n<p>&#13;<\/p>\n<p align=\"justify\" class=\"text1noticias\">La actividad se  desarrollar\u00e1 en los salones del Concejo Municipal, este viernes, a partir de  las 10:00 de la ma\u00f1ana, inform\u00f3 el coordinador principal Rafael-Papito-Cruz,  presidente del Concejo Municipal. <\/p>\n<p>&#13;<\/p>\n<p align=\"justify\" class=\"text1noticias\">Las principales  autoridades del Gobierno Municipal, encabezadas por el s\u00edndico Jos\u00e9 Enrique  Sued Sem y la vicesindica doctora Petrouscka Mu\u00f1oz,\u00a0 estar\u00e1n presentes en esta premiaci\u00f3n, que  concita gran apoyo y expectativa. <br \/>&#13;<br \/>\n  \u00a0 <br \/>&#13;<br \/>\n  El campe\u00f3n  panamericano juvenil de Tenis de Mesa, Juan Antonio Vila, y la destacada  comunicadora y conductora del programa Vivan los Ni\u00f1os, Dulce Mar\u00eda Castellanos  Vargas, encabezan el listado de j\u00f3venes en esta segunda edici\u00f3n. <\/p>\n<p>&#13;<\/p>\n<p align=\"justify\" class=\"text1noticias\">Les siguen esta  segunda \u00a0entrega del\u00a0 Premio Municipal de la Juventud \u201cSantiago  Ap\u00f3stol\u201d\u00a0 el locutor Tank Kong NG y la  estudiante meritoria Santa Claritza Cerda Taveras \u2013becada por el ayuntamiento-  y la que tiene el m\u00e1s alto \u00edndice en su carrera.<\/p>\n<p>&#13;<\/p>\n<p align=\"justify\" class=\"text1noticias\">Asimismo figuran  Jos\u00e9 de la Cruz,  presidente de la Federaci\u00f3n  de Estudiantes del CURSA-UASD; la doctora P\u00eda Estrella, el dirigente  comunitario y comunicador Rafael Quintero y la fiscal adjunta y catedr\u00e1tica  universitaria, licenciada Alba N\u00fa\u00f1ez. <\/p>\n<p>&#13;<\/p>\n<p align=\"justify\">\u00a0<\/p>\n<p>&#13;<\/p>\n<p align=\"justify\" class=\"text1noticias\"> A trav\u00e9s de estos  premios se \u00a0reconocen a j\u00f3venes  sobresalientes en distintos aspectos en las \u00e1reas de cultura, deporte, superaci\u00f3n  personal, m\u00e9rito estudiantil, liderazgo profesional, servicios sociales,  liderazgo pol\u00edtico y comunitario, adem\u00e1s de una menci\u00f3n al \u00a0joven emprendedor. <br \/>&#13;<br \/>\n  \u00a0 <br \/>&#13;<br \/>\n  El programa a  desarrollarse incluir\u00e1 palabras centrales a cargo del sindico Sued, mientras  que a nombre de los homenajeados intervendr\u00e1 la conductora de Vivan los Ni\u00f1os,  Dulce Maria Castellanos Vargas. El Orfe\u00f3n de Santiago, que dirige el padre  C\u00e9sar Hilario, tendr\u00e1 a su cargo la interpretaci\u00f3n de los himnos Nacional y de la Juventud. <\/p>\n<p>&#13;<\/p>\n<h6> 2009-01-29 21:11:56 <\/h6>\n<p><!--\n<link rel=\"stylesheet\" href=\"css\/bootstrap.min.css\">\n\n\n<ul class=\"pagination\">\n\t    \n\t\n\n<li >\n\t<a href='?page_no=20614'>Previous<\/a>\n\t<\/li>\n\n\n       \n    \n\n<li><a href='?page_no=1'>1<\/a><\/li>\n\n\n\n<li><a href='?page_no=2'>2<\/a><\/li>\n\n\n\n<li><a>...<\/a><\/li>\n\n\n\n<li><a href='?page_no=20613'>20613<\/a><\/li>\n\n\n\n<li><a href='?page_no=20614'>20614<\/a><\/li>\n\n\n\n<li class='active'><a>20615<\/a><\/li>\n\n\n\n<li><a href='?page_no=20616'>20616<\/a><\/li>\n\n\n\n<li><a href='?page_no=20617'>20617<\/a><\/li>\n\n\n\n<li><a>...<\/a><\/li>\n\n\n\n<li><a href='?page_no=22522'>22522<\/a><\/li>\n\n\n\n<li><a href='?page_no=22523'>22523<\/a><\/li>\n\n    \n\t\n\n<li >\n\t<a href='?page_no=20616'>Next<\/a>\n\t<\/li>\n\n\n    \n\n<li><a href='?page_no=22523'>Last &rsaquo;&rsaquo;<\/a><\/li>\n\n<\/ul>\n\n\n--><br \/>\n<\/body><\/p>\n","protected":false},"excerpt":{"rendered":"<p>TODO LISTO PARA RECONOCIMIENTO A JOVENES DESTACADOS &#13; \u00a0 &#13; SANTIAGO.-Todo se encuentra listo para la entrega, en la ma\u00f1na de este viernes, de la segunda versi\u00f3n del Premio Municipal de la Juventud \u201cSantiago Ap\u00f3stol\u201d, en el que se reconocer\u00e1n a j\u00f3venes meritorios de esta ciudad. &#13; La actividad se desarrollar\u00e1 en los salones del [&hellip;]<\/p>\n","protected":false},"author":3,"featured_media":0,"comment_status":"open","ping_status":"open","sticky":false,"template":"","format":"standard","meta":{"footnotes":""},"categories":[25],"tags":[],"class_list":["post-91993","post","type-post","status-publish","format-standard","hentry","category-gente"],"_links":{"self":[{"href":"https:\/\/diariodominicano.com\/index.php?rest_route=\/wp\/v2\/posts\/91993","targetHints":{"allow":["GET"]}}],"collection":[{"href":"https:\/\/diariodominicano.com\/index.php?rest_route=\/wp\/v2\/posts"}],"about":[{"href":"https:\/\/diariodominicano.com\/index.php?rest_route=\/wp\/v2\/types\/post"}],"author":[{"embeddable":true,"href":"https:\/\/diariodominicano.com\/index.php?rest_route=\/wp\/v2\/users\/3"}],"replies":[{"embeddable":true,"href":"https:\/\/diariodominicano.com\/index.php?rest_route=%2Fwp%2Fv2%2Fcomments&post=91993"}],"version-history":[{"count":0,"href":"https:\/\/diariodominicano.com\/index.php?rest_route=\/wp\/v2\/posts\/91993\/revisions"}],"wp:attachment":[{"href":"https:\/\/diariodominicano.com\/index.php?rest_route=%2Fwp%2Fv2%2Fmedia&parent=91993"}],"wp:term":[{"taxonomy":"category","embeddable":true,"href":"https:\/\/diariodominicano.com\/index.php?rest_route=%2Fwp%2Fv2%2Fcategories&post=91993"},{"taxonomy":"post_tag","embeddable":true,"href":"https:\/\/diariodominicano.com\/index.php?rest_route=%2Fwp%2Fv2%2Ftags&post=91993"}],"curies":[{"name":"wp","href":"https:\/\/api.w.org\/{rel}","templated":true}]}}