{"id":91990,"date":"2009-02-02T15:38:26","date_gmt":"2009-02-02T15:38:26","guid":{"rendered":"http:\/\/diariodominicano.ddns.net\/?p=91990"},"modified":"2009-02-02T15:38:26","modified_gmt":"2009-02-02T15:38:26","slug":"paulo-coelho-la-crisis-trae-los-valores-que-se-habian-perdido","status":"publish","type":"post","link":"https:\/\/diariodominicano.com\/?p=91990","title":{"rendered":"Paulo Coelho: \u00abLa crisis trae los valores que se hab\u00edan perdido\u00bb"},"content":{"rendered":"<p><body><\/p>\n<p align=\"justify\"><strong class=\"titulogrande1\">Paulo  Coelho: \u00abLa crisis trae los valores que se hab\u00edan perdido\u00bb<\/strong><br \/>&#13;<br \/>\n  <br \/>&#13;<br \/>\n    <strong>El escritor\u00a0 brasile\u00f1o\u00a0 conf\u00eda en la  capacidad de adaptaci\u00f3n del hombre.<\/strong><br \/>&#13;<br \/>\n    <br \/>&#13;<br \/>\n  por <a href=\"mailto:\">EFE <\/a>| 02\/02\/2009  &#8211; 10:03 <br \/>&#13;<br \/>\n  <br \/>&#13;<br \/>\n  <span class=\"text1noticias\"><img loading=\"lazy\" decoding=\"async\" src=\"http:\/\/localhost:8080\/gente\/img\/colei.jpg\" width=\"375\" height=\"465\" hspace=\"4\" align=\"left\" \/>El escritor  brasile\u00f1o <strong>Paulo Coelho<\/strong> sostiene que pese a lo \u00abdoloroso\u00bb de la  actual crisis econ\u00f3mica mundial la desaceleraci\u00f3n tambi\u00e9n tiene algo de  positivo pues \u00abregresa\u00bb a la Humanidad \u00aba los valores con los  que hab\u00edamos perdido el contacto\u00bb.<br \/>&#13;<br \/>\n  <br \/>&#13;<br \/>\n  En una  entrevista con la edici\u00f3n digital del semanario \u00abSpiegel\u00bb,<strong> Coelho<\/strong> alude as\u00ed a la revitalizaci\u00f3n de valores como el amor o la belleza de la vida,  de los que dice que \u00abno cuestan nada\u00bb.<br \/>&#13;<br \/>\n  <br \/>&#13;<br \/>\n\u00abLa  felicidad no es estar sentado frente a una pantalla de ordenador, seguir la  evoluci\u00f3n de las accionas y apostar como en un casino\u00bb, afirma el autor de  obras como \u00abEl alquimista\u00bb y \u00abVeronika decide morir\u00bb que ha  vendido m\u00e1s cien millones de libros en todo el mundo.<br \/>&#13;<br \/>\n<br \/>&#13;<br \/>\nPese a  considerarse m\u00e1s un \u00abrealista\u00bb que un \u00aboptimista\u00bb, el  escritor afirma que no tiene \u00abun gran miedo\u00bb ante la crisis pues cree  en que el \u00absistema se corrige a s\u00ed mismo\u00bb.<br \/>&#13;<br \/>\n<br \/>&#13;<br \/>\nSeg\u00fan <strong>Coelho<\/strong>,  las \u00e9pocas de crisis suponen para algunas personas \u00absi son  inteligentes\u00bb una nueva oportunidad para \u00abdefinir su vida de nuevo y  reflexionar sobre ella\u00bb.<br \/>&#13;<br \/>\n<br \/>&#13;<br \/>\nEl escritor  conf\u00eda en la capacidad de adaptaci\u00f3n del hombre, que cree que permitir\u00e1 superar  este \u00abdoloroso momento\u00bb para la sociedad.<br \/>&#13;<br \/>\n<br \/>&#13;<br \/>\n  Sin embargo,  alerta contra las elevadas expectativas despertadas en Estados Unidos tras la  investidura del presidente Barack Obama.<br \/>&#13;<br \/>\n  <br \/>&#13;<br \/>\n\u00abMe  gusta Obama, pero no es el Mes\u00edas\u00bb, afirma Coelho quien sostiene que el  presidente deber\u00e1 adoptar \u00abdecisiones impopulares\u00bb, que pueden  hacerle perder puntos ante la opini\u00f3n p\u00fablica.<br \/>&#13;<br \/>\n<br \/>&#13;<br \/>\nEn su  opini\u00f3n, el nuevo inquilino de la Casa Blanca deber\u00eda leer \u00abEl Pr\u00edncipe\u00bb  del italiano Nicol\u00e1s Maquiavelo pues es una obra que explica c\u00f3mo deben  adoptarse las medidas controvertidas.<\/span><\/p>\n<p>&#13;<\/p>\n<h6> 2009-02-02 15:38:26 <\/h6>\n<p><!--\n<link rel=\"stylesheet\" href=\"css\/bootstrap.min.css\">\n\n\n<ul class=\"pagination\">\n\t    \n\t\n\n<li >\n\t<a href='?page_no=20611'>Previous<\/a>\n\t<\/li>\n\n\n       \n    \n\n<li><a href='?page_no=1'>1<\/a><\/li>\n\n\n\n<li><a href='?page_no=2'>2<\/a><\/li>\n\n\n\n<li><a>...<\/a><\/li>\n\n\n\n<li><a href='?page_no=20610'>20610<\/a><\/li>\n\n\n\n<li><a href='?page_no=20611'>20611<\/a><\/li>\n\n\n\n<li class='active'><a>20612<\/a><\/li>\n\n\n\n<li><a href='?page_no=20613'>20613<\/a><\/li>\n\n\n\n<li><a href='?page_no=20614'>20614<\/a><\/li>\n\n\n\n<li><a>...<\/a><\/li>\n\n\n\n<li><a href='?page_no=22522'>22522<\/a><\/li>\n\n\n\n<li><a href='?page_no=22523'>22523<\/a><\/li>\n\n    \n\t\n\n<li >\n\t<a href='?page_no=20613'>Next<\/a>\n\t<\/li>\n\n\n    \n\n<li><a href='?page_no=22523'>Last &rsaquo;&rsaquo;<\/a><\/li>\n\n<\/ul>\n\n\n--><br \/>\n<\/body><\/p>\n","protected":false},"excerpt":{"rendered":"<p>Paulo Coelho: \u00abLa crisis trae los valores que se hab\u00edan perdido\u00bb&#13; &#13; El escritor\u00a0 brasile\u00f1o\u00a0 conf\u00eda en la capacidad de adaptaci\u00f3n del hombre.&#13; &#13; por EFE | 02\/02\/2009 &#8211; 10:03 &#13; &#13; El escritor brasile\u00f1o Paulo Coelho sostiene que pese a lo \u00abdoloroso\u00bb de la actual crisis econ\u00f3mica mundial la desaceleraci\u00f3n tambi\u00e9n tiene algo de [&hellip;]<\/p>\n","protected":false},"author":3,"featured_media":0,"comment_status":"open","ping_status":"open","sticky":false,"template":"","format":"standard","meta":{"footnotes":""},"categories":[25],"tags":[],"class_list":["post-91990","post","type-post","status-publish","format-standard","hentry","category-gente"],"_links":{"self":[{"href":"https:\/\/diariodominicano.com\/index.php?rest_route=\/wp\/v2\/posts\/91990","targetHints":{"allow":["GET"]}}],"collection":[{"href":"https:\/\/diariodominicano.com\/index.php?rest_route=\/wp\/v2\/posts"}],"about":[{"href":"https:\/\/diariodominicano.com\/index.php?rest_route=\/wp\/v2\/types\/post"}],"author":[{"embeddable":true,"href":"https:\/\/diariodominicano.com\/index.php?rest_route=\/wp\/v2\/users\/3"}],"replies":[{"embeddable":true,"href":"https:\/\/diariodominicano.com\/index.php?rest_route=%2Fwp%2Fv2%2Fcomments&post=91990"}],"version-history":[{"count":0,"href":"https:\/\/diariodominicano.com\/index.php?rest_route=\/wp\/v2\/posts\/91990\/revisions"}],"wp:attachment":[{"href":"https:\/\/diariodominicano.com\/index.php?rest_route=%2Fwp%2Fv2%2Fmedia&parent=91990"}],"wp:term":[{"taxonomy":"category","embeddable":true,"href":"https:\/\/diariodominicano.com\/index.php?rest_route=%2Fwp%2Fv2%2Fcategories&post=91990"},{"taxonomy":"post_tag","embeddable":true,"href":"https:\/\/diariodominicano.com\/index.php?rest_route=%2Fwp%2Fv2%2Ftags&post=91990"}],"curies":[{"name":"wp","href":"https:\/\/api.w.org\/{rel}","templated":true}]}}