{"id":91987,"date":"2009-02-02T23:19:58","date_gmt":"2009-02-02T23:19:58","guid":{"rendered":"http:\/\/diariodominicano.ddns.net\/?p=91987"},"modified":"2009-02-02T23:19:58","modified_gmt":"2009-02-02T23:19:58","slug":"fallece-la-escritora-de-telenovelas-fernanda-villeli","status":"publish","type":"post","link":"https:\/\/diariodominicano.com\/?p=91987","title":{"rendered":"Fallece la escritora de telenovelas Fernanda Villeli"},"content":{"rendered":"<p><body><\/p>\n<p class=\"titulogrande1\"><strong>Fallece la  escritora de telenovelas Fernanda Villeli<\/strong><\/p>\n<p>&#13;<\/p>\n<p align=\"justify\" class=\"text1noticias\"><strong>MEXICO<\/strong>.- Fernanda Villeli, la escritora de la  primera telenovela mexicana y de otros 70 t\u00edtulos que dieron la vuelta al mundo  como \u00abEl maleficio\u00bb y \u00abEl derecho de nacer\u00bb, muri\u00f3 de un  paro cardiaco relacionado con complicaciones de diabetes. Ten\u00eda 87 a\u00f1os. <br \/>&#13;<br \/>\n  <br \/>&#13;<br \/>\n\u00abTen\u00eda una dolencia cardiaca, se puso muy grave en la ma\u00f1ana (del domingo)  y el doctor nos dijo que s\u00f3lo era cuesti\u00f3n de tiempo. Se fue en paz\u00bb,  declar\u00f3 al diario Reforma su hija, la guionista Marcela Fuentes Ber\u00e1in. <br \/>&#13;<br \/>\n  <br \/>&#13;<br \/>\n\u00abEra una pionera de las telenovelas, fue una mujer que trabaj\u00f3 hasta que  se enferm\u00f3 hace poco de diabetes\u00bb, destac\u00f3. \u00abHay que recordarla as\u00ed,  como una persona que trabaj\u00f3 siempre por la defensa de la cultura popular  mexicana, form\u00f3 muchas generaciones de telenovelas, era una mujer excepcional,  insustituible en su naturaleza humana, porque era un ser bondadoso\u00bb. <br \/>&#13;<br \/>\n  <br \/>&#13;<br \/>\n  Villeli naci\u00f3 en la Ciudad  de M\u00e9xico y estudi\u00f3 Filosof\u00eda en la Universidad Nacional  Aut\u00f3noma de M\u00e9xico (UNAM). Luego tom\u00f3 talleres de escritura con maestros como  el colombiano Gabriel Garc\u00eda M\u00e1rquez y el cineasta mexicano Hugo Arg\u00fcelles. <br \/>&#13;<br \/>\n  <br \/>&#13;<br \/>\n  Fue responsable de escribir la primera telenovela que se transmiti\u00f3 en el pa\u00eds,  titulada \u00abSenda prohibida\u00bb, que sali\u00f3 al aire en vivo en 1958. La  historia era una adaptaci\u00f3n de una radionovela tambi\u00e9n de su autor\u00eda. <br \/>&#13;<br \/>\n  <br \/>&#13;<br \/>\n  El a\u00f1o pasado la escritora dijo que se trat\u00f3 de un experimento de 50 cap\u00edtulos  de media hora cada uno y que nadie estaba seguro de que su adaptaci\u00f3n a la  pantalla chica funcionara. Sin embargo, su \u00e9xito fue tal que de inmediato  empez\u00f3 a tejer nuevas historias. <br \/>&#13;<br \/>\n  <br \/>&#13;<br \/>\n  Entre las m\u00e1s reconocidas figuran \u00abLuc\u00eda Sombra\u00bb, \u00abLos extra\u00f1os  caminos del amor\u00bb, \u00abSan Mart\u00edn de Porres\u00bb, \u00abEl diario de  Daniela\u00bb, \u00abLa casa en la playa\u00bb y las dos versiones de \u00abEl  derecho de nacer\u00bb. <br \/>&#13;<br \/>\n  <br \/>&#13;<br \/>\n\u00abMi mam\u00e1 invent\u00f3 un g\u00e9nero que dio trabajo a muchos mexicanos y que  signific\u00f3 el nacimiento de una industria de la televisi\u00f3n y una apertura hacia  la fantas\u00eda y los sue\u00f1os\u00bb, expres\u00f3 por su parte Rossana Fuentes-Berain  Villenave al diario El Universal. <br \/>&#13;<br \/>\n  <br \/>&#13;<br \/>\n\u00abYo digo que mi mam\u00e1 invent\u00f3 la telenovela dos veces. Una fue con &#8216;Senda  Prohibida&#8217; en 1958 y la segunda con &#8216;El maleficio&#8217;, que abri\u00f3 dos horas m\u00e1s de  programaci\u00f3n, es decir ya no estaban en horario vespertino, sino que abri\u00f3 la barra  nocturna\u00bb, record\u00f3. <br \/>&#13;<br \/>\n  <br \/>&#13;<br \/>\n  Seg\u00fan Villeli, cuyo verdadero nombre era Mar\u00eda Ofelia Villenave Garza, las  telenovelas son \u00abpara entretener\u00bb. <br \/>&#13;<br \/>\n  <br \/>&#13;<br \/>\n\u00abLa gente de un pueblo como el nuestro, con las crisis que pasamos, busca  escapes, historias que le den alguna esperanza. El \u00e9xito de una telenovela lo  determina el momento en el que le llega al p\u00fablico, que es el \u00fanico que decide  si gusta algo o no\u00bb, dijo recientemente. <br \/>&#13;<br \/>\n  <br \/>&#13;<br \/>\n  Su objetivo al escribir siempre era buscar tramas reales \u00abque  impactaran\u00bb, y que a pesar de los enredos y sufrimientos tuvieran \u00abun  final feliz, porque eso es el melodrama: contar historias de la vida con  finales felices\u00bb, dijo para el libro \u00ab50 a\u00f1os de la telenovela\u00bb  producido por la cadena Televisa, para la que trabaj\u00f3 toda la vida. <\/p>\n<p>&#13;<\/p>\n<h6> 2009-02-02 23:19:58 <\/h6>\n<p><!--\n<link rel=\"stylesheet\" href=\"css\/bootstrap.min.css\">\n\n\n<ul class=\"pagination\">\n\t    \n\t\n\n<li >\n\t<a href='?page_no=20608'>Previous<\/a>\n\t<\/li>\n\n\n       \n    \n\n<li><a href='?page_no=1'>1<\/a><\/li>\n\n\n\n<li><a href='?page_no=2'>2<\/a><\/li>\n\n\n\n<li><a>...<\/a><\/li>\n\n\n\n<li><a href='?page_no=20607'>20607<\/a><\/li>\n\n\n\n<li><a href='?page_no=20608'>20608<\/a><\/li>\n\n\n\n<li class='active'><a>20609<\/a><\/li>\n\n\n\n<li><a href='?page_no=20610'>20610<\/a><\/li>\n\n\n\n<li><a href='?page_no=20611'>20611<\/a><\/li>\n\n\n\n<li><a>...<\/a><\/li>\n\n\n\n<li><a href='?page_no=22522'>22522<\/a><\/li>\n\n\n\n<li><a href='?page_no=22523'>22523<\/a><\/li>\n\n    \n\t\n\n<li >\n\t<a href='?page_no=20610'>Next<\/a>\n\t<\/li>\n\n\n    \n\n<li><a href='?page_no=22523'>Last &rsaquo;&rsaquo;<\/a><\/li>\n\n<\/ul>\n\n\n--><br \/>\n<\/body><\/p>\n","protected":false},"excerpt":{"rendered":"<p>Fallece la escritora de telenovelas Fernanda Villeli &#13; MEXICO.- Fernanda Villeli, la escritora de la primera telenovela mexicana y de otros 70 t\u00edtulos que dieron la vuelta al mundo como \u00abEl maleficio\u00bb y \u00abEl derecho de nacer\u00bb, muri\u00f3 de un paro cardiaco relacionado con complicaciones de diabetes. Ten\u00eda 87 a\u00f1os. &#13; &#13; \u00abTen\u00eda una dolencia [&hellip;]<\/p>\n","protected":false},"author":3,"featured_media":0,"comment_status":"open","ping_status":"open","sticky":false,"template":"","format":"standard","meta":{"footnotes":""},"categories":[25],"tags":[],"class_list":["post-91987","post","type-post","status-publish","format-standard","hentry","category-gente"],"_links":{"self":[{"href":"https:\/\/diariodominicano.com\/index.php?rest_route=\/wp\/v2\/posts\/91987","targetHints":{"allow":["GET"]}}],"collection":[{"href":"https:\/\/diariodominicano.com\/index.php?rest_route=\/wp\/v2\/posts"}],"about":[{"href":"https:\/\/diariodominicano.com\/index.php?rest_route=\/wp\/v2\/types\/post"}],"author":[{"embeddable":true,"href":"https:\/\/diariodominicano.com\/index.php?rest_route=\/wp\/v2\/users\/3"}],"replies":[{"embeddable":true,"href":"https:\/\/diariodominicano.com\/index.php?rest_route=%2Fwp%2Fv2%2Fcomments&post=91987"}],"version-history":[{"count":0,"href":"https:\/\/diariodominicano.com\/index.php?rest_route=\/wp\/v2\/posts\/91987\/revisions"}],"wp:attachment":[{"href":"https:\/\/diariodominicano.com\/index.php?rest_route=%2Fwp%2Fv2%2Fmedia&parent=91987"}],"wp:term":[{"taxonomy":"category","embeddable":true,"href":"https:\/\/diariodominicano.com\/index.php?rest_route=%2Fwp%2Fv2%2Fcategories&post=91987"},{"taxonomy":"post_tag","embeddable":true,"href":"https:\/\/diariodominicano.com\/index.php?rest_route=%2Fwp%2Fv2%2Ftags&post=91987"}],"curies":[{"name":"wp","href":"https:\/\/api.w.org\/{rel}","templated":true}]}}