{"id":91986,"date":"2009-02-03T18:12:05","date_gmt":"2009-02-03T18:12:05","guid":{"rendered":"http:\/\/diariodominicano.ddns.net\/?p=91986"},"modified":"2009-02-03T18:12:05","modified_gmt":"2009-02-03T18:12:05","slug":"gold-center-celebra-decimo-aniversario-y-presenta-coleccion-de-joyas-maria-bonita-de-la-disenadora-daniella-kronfle","status":"publish","type":"post","link":"https:\/\/diariodominicano.com\/?p=91986","title":{"rendered":"Gold Center celebra d\u00e9cimo aniversario y presenta colecci\u00f3n de joyas \u201cMar\u00eda Bonita\u201d de la dise\u00f1adora Daniella Kronfle"},"content":{"rendered":"<p><body><\/p>\n<p align=\"justify\" class=\"titulogrande1\"><strong>Gold Center  celebra d\u00e9cimo aniversario y presenta colecci\u00f3n de joyas \u201cMar\u00eda Bonita\u201d de la  dise\u00f1adora Daniella Kronfle<\/strong><\/p>\n<p>&#13;<\/p>\n<p align=\"justify\" class=\"text1noticias\"><strong><img loading=\"lazy\" decoding=\"async\" src=\"http:\/\/localhost:8080\/gente\/img\/coctez.jpg\" width=\"375\" height=\"251\" hspace=\"4\" align=\"left\" \/>Santo Domingo.<\/strong> En un escenario  impregnado por la alegr\u00eda y entusiasmo de invitados especiales, Magali Mateo,  propietaria de Gold Center Joyeria, celebr\u00f3 el d\u00e9cimo aniversario de su tienda,  al tiempo que present\u00f3 la colecci\u00f3n de joyas \u201cMar\u00eda Bonita\u201d de la dise\u00f1adora  internacional Daniela Kronfle, quien arrib\u00f3 desde Miami especialmente para  dicho lanzamiento.<br \/>&#13;<br \/>\n  <br \/>&#13;<br \/>\n  Magali Mateo agradeci\u00f3 a todos por su presencia y tambi\u00e9n  por elegir las joyas de Gold Center durante todos estos a\u00f1os, primero en Plaza  Castilla y ahora tambi\u00e9n en\u00a0 Bella Vista  Mall. <br \/>&#13;<br \/>\n  <br \/>&#13;<br \/>\n  Expres\u00f3 que durante m\u00e1s de 10 a\u00f1os sus clientes han seguido  su crecimiento constante con su respaldo y apoyo. <br \/>&#13;<br \/>\n  <br \/>&#13;<br \/>\n  Esta actividad tuvo lugar en Taboo Bamboo, y, para la  ocasi\u00f3n, Magali Mateo al pronunciar su discurso dijo:\u00a0 \u201cGracias a Dios por mi existencia y por  tenerlo a \u00c9l como el centro de mi vida; gracias a mi esposo por el apoyo  incondicional que siempre me ha ofrecido; a mi nieta que me devolvi\u00f3 la vida, a  mis hijas y sobrinas por su dedicaci\u00f3n, esfuerzo y entusiasmo\u00a0 en mantener el negocio firme; a mis hermanos  y familia por siempre estar a mi lado apoy\u00e1ndome\u00a0 y\u00a0  sobretodo gracias a mi hijo Manolito que donde quiera que el se  encuentre me esta dando la fuerza para estar frente a ustedes.<br \/>&#13;<br \/>\n  <br \/>&#13;<br \/>\n\u201cEste encuentro es\u00a0para mi algo muy especial y  significativo, porque haciendo referencia al valor material de una joya, me doy  cuenta que la verdadera riqueza de un ser humano la representan la familia y  los amigos, y que ambas cosas el Se\u00f1or las ha puesto en mi camino\u201d.<br \/>&#13;<br \/>\n<br \/>&#13;<br \/>\nIndic\u00f3 que durante estas d\u00e9cadas en el negocio ha recibido  lecciones maravillosas, tanto de sus clientes como de cada una de las  marcas,\u00a0 que han convertido a Gold Center  en un lugar en donde el servicio y el calor humano representan la mejor  garant\u00eda para ustedes realizar la inversi\u00f3n que representa comprar una joya.<br \/>&#13;<br \/>\n<br \/>&#13;<br \/>\n\u201cEvidentemente que hemos crecido; mis  hijas y sobrinas se han integrado a tiempo completo al negocio y en estos a\u00f1os  la energ\u00eda creativa de ellas es el motor que me impulsa, cuando por alguna  raz\u00f3n me han faltado las fuerzas y el deseo de continuar.\u00a0 Nuestra primera  joyer\u00eda en Plaza Castilla\u00a0 se mantiene  con el mismo entusiasmo y dando paso al progreso hace unos a\u00f1os llegamos a  Bella Vista Mall,\u00a0 renov\u00e1ndonos en una  moderna oferta como lo exigen los tiempos actuales\u201d.<br \/>&#13;<br \/>\n<br \/>&#13;<br \/>\nPor eso hoy, para seguir celebrando, presentamos ante  ustedes la colecci\u00f3n \u201cMaria Bonita \u201c de la dise\u00f1adora internacional radicada en  la ciudad de Miami, Daniela Kronfle, una colecci\u00f3n\u00a0 inspirada en el estilo sin igual de la gran  Diva del cine mexicano Mar\u00eda F\u00e9lix, cuya elegancia y personalidad  transcendieron las fronteras internacionales.<br \/>&#13;<br \/>\n<br \/>&#13;<br \/>\n\u201cEs este nuestro  regalo, por su apoyo constante a nuestro esfuerzo para siempre vivir como una  buena joya en el coraz\u00f3n de cada uno de ustedes. Disfruten de este agasajo y  reciban todo el cari\u00f1o de su amiga de siempre, Magali Mateo y la familia de su  joyer\u00eda Gold Center, celebremos juntos esta velada\u201d.<br \/>&#13;<br \/>\n<br \/>&#13;<br \/>\nDe su lado la dise\u00f1adora Daniela  Kronfle pronunci\u00f3 un breve discurso donde expreso sentirse honrada. \u201cPara mi como  dise\u00f1adora de joyas, presentar esta noche mi ultima colecci\u00f3n \u201cMaria Bonita \u201c  en Santo Domingo es un verdadero honor\u201d.<\/p>\n<p>&#13;<\/p>\n<p align=\"justify\" class=\"text1noticias\">Dijo que Mar\u00eda Felix ha sido una inspiraci\u00f3n  para muchos dise\u00f1adores de renombre, porque fue una mujer que trascendi\u00f3 a su  \u00e9poca y marc\u00f3 una tendencia con su estilo cl\u00e1sico, elegante y siempre femenino.<\/p>\n<p>&#13;<\/p>\n<p align=\"justify\" class=\"text1noticias\">\u201cFueron esas cualidades de la gran Diva lo  que\u00a0 inspir\u00f3 al dise\u00f1ador de modas  Nicol\u00e1s Felizola y a m\u00ed\u00a0 a dise\u00f1ar juntos  esta colecci\u00f3n en honor a\u00a0 Maria F\u00e9lix\u201d. <\/p>\n<p>&#13;<\/p>\n<p align=\"justify\" class=\"text1noticias\"><strong>Colecci\u00f3n de joyas  \u201cMar\u00eda Bonita\u201d<\/strong><br \/>&#13;<br \/>\n  Cada uno de los dise\u00f1os de la colecci\u00f3n  refleja el estilo de la actriz mejicana. Trazos muy elegantes y femeninos con  un toque moderno. Son\u00a0 Piezas elaboradas  enteramente a mano en oro de 18 kilates en sus 3 tonos: blanco, amarillo y  rosado en combinaci\u00f3n de brillantes, piedra predilecta de Maria. <\/p>\n<p>&#13;<\/p>\n<p align=\"justify\" class=\"text1noticias\">\u201cQuiero agradecer a do\u00f1a Magali y a sus hijas  por invitarme a formar parte da la familia Gold Center y tener el privilegio de  que representen mis dise\u00f1os de manera exclusiva en Santo Domingo.<\/p>\n<p>&#13;<\/p>\n<h6> 2009-02-03 18:12:05 <\/h6>\n<p><!--\n<link rel=\"stylesheet\" href=\"css\/bootstrap.min.css\">\n\n\n<ul class=\"pagination\">\n\t    \n\t\n\n<li >\n\t<a href='?page_no=20607'>Previous<\/a>\n\t<\/li>\n\n\n       \n    \n\n<li><a href='?page_no=1'>1<\/a><\/li>\n\n\n\n<li><a href='?page_no=2'>2<\/a><\/li>\n\n\n\n<li><a>...<\/a><\/li>\n\n\n\n<li><a href='?page_no=20606'>20606<\/a><\/li>\n\n\n\n<li><a href='?page_no=20607'>20607<\/a><\/li>\n\n\n\n<li class='active'><a>20608<\/a><\/li>\n\n\n\n<li><a href='?page_no=20609'>20609<\/a><\/li>\n\n\n\n<li><a href='?page_no=20610'>20610<\/a><\/li>\n\n\n\n<li><a>...<\/a><\/li>\n\n\n\n<li><a href='?page_no=22522'>22522<\/a><\/li>\n\n\n\n<li><a href='?page_no=22523'>22523<\/a><\/li>\n\n    \n\t\n\n<li >\n\t<a href='?page_no=20609'>Next<\/a>\n\t<\/li>\n\n\n    \n\n<li><a href='?page_no=22523'>Last &rsaquo;&rsaquo;<\/a><\/li>\n\n<\/ul>\n\n\n--><br \/>\n<\/body><\/p>\n","protected":false},"excerpt":{"rendered":"<p>Gold Center celebra d\u00e9cimo aniversario y presenta colecci\u00f3n de joyas \u201cMar\u00eda Bonita\u201d de la dise\u00f1adora Daniella Kronfle &#13; Santo Domingo. En un escenario impregnado por la alegr\u00eda y entusiasmo de invitados especiales, Magali Mateo, propietaria de Gold Center Joyeria, celebr\u00f3 el d\u00e9cimo aniversario de su tienda, al tiempo que present\u00f3 la colecci\u00f3n de joyas \u201cMar\u00eda [&hellip;]<\/p>\n","protected":false},"author":3,"featured_media":0,"comment_status":"open","ping_status":"open","sticky":false,"template":"","format":"standard","meta":{"footnotes":""},"categories":[25],"tags":[],"class_list":["post-91986","post","type-post","status-publish","format-standard","hentry","category-gente"],"_links":{"self":[{"href":"https:\/\/diariodominicano.com\/index.php?rest_route=\/wp\/v2\/posts\/91986","targetHints":{"allow":["GET"]}}],"collection":[{"href":"https:\/\/diariodominicano.com\/index.php?rest_route=\/wp\/v2\/posts"}],"about":[{"href":"https:\/\/diariodominicano.com\/index.php?rest_route=\/wp\/v2\/types\/post"}],"author":[{"embeddable":true,"href":"https:\/\/diariodominicano.com\/index.php?rest_route=\/wp\/v2\/users\/3"}],"replies":[{"embeddable":true,"href":"https:\/\/diariodominicano.com\/index.php?rest_route=%2Fwp%2Fv2%2Fcomments&post=91986"}],"version-history":[{"count":0,"href":"https:\/\/diariodominicano.com\/index.php?rest_route=\/wp\/v2\/posts\/91986\/revisions"}],"wp:attachment":[{"href":"https:\/\/diariodominicano.com\/index.php?rest_route=%2Fwp%2Fv2%2Fmedia&parent=91986"}],"wp:term":[{"taxonomy":"category","embeddable":true,"href":"https:\/\/diariodominicano.com\/index.php?rest_route=%2Fwp%2Fv2%2Fcategories&post=91986"},{"taxonomy":"post_tag","embeddable":true,"href":"https:\/\/diariodominicano.com\/index.php?rest_route=%2Fwp%2Fv2%2Ftags&post=91986"}],"curies":[{"name":"wp","href":"https:\/\/api.w.org\/{rel}","templated":true}]}}