{"id":91983,"date":"2009-02-05T15:13:52","date_gmt":"2009-02-05T15:13:52","guid":{"rendered":"http:\/\/diariodominicano.ddns.net\/?p=91983"},"modified":"2009-02-05T15:13:52","modified_gmt":"2009-02-05T15:13:52","slug":"winston-paulino-canta-por-la-paz","status":"publish","type":"post","link":"https:\/\/diariodominicano.com\/?p=91983","title":{"rendered":"\u201cWINSTON PAULINO CANTA POR LA PAZ\u201d"},"content":{"rendered":"<p><body><\/p>\n<p align=\"center\"><strong class=\"titulogrande1\">\u201cWINSTON PAULINO CANTA POR LA   PAZ\u201d<\/strong><br \/>&#13;<br \/>\n  <br \/>&#13;<br \/>\n    <strong>-Llama juventud enfrentar la guerra.-<\/strong><\/p>\n<p>&#13;<\/p>\n<p>\u00a0<\/p>\n<p>&#13;<\/p>\n<p align=\"justify\" class=\"text1noticias\"><img loading=\"lazy\" decoding=\"async\" src=\"http:\/\/localhost:8080\/gente\/img\/wintos.jpg\" width=\"375\" height=\"251\" hspace=\"4\" align=\"left\" \/>SANTO DOMINGO, R.D.- El cantautor dominicano  Winston Paulino grab\u00f3 una nueva versi\u00f3n de su cl\u00e1sico \u201cPor La Paz\u201d en la cual llama a los  l\u00edderes, dirigentes y presidentes del mundo a unir sus corazones a favor de la  paz mundial.<\/p>\n<p>&#13;<\/p>\n<p align=\"justify\" class=\"text1noticias\">\u201cA trav\u00e9s de esta inspiraci\u00f3n musical  solicitamos a todas las fuerzas y grupos sociales que fomentemos la armon\u00eda  entre las naciones, clases y razas, para dar paso a la buena convivencia y a la  salud espiritual de todos\u201d, apunt\u00f3 el autor del merengue \u201cEl Baile del Perrito\u201d  que interpreta Wilfrido Vargas.<\/p>\n<p>&#13;<\/p>\n<p align=\"justify\" class=\"text1noticias\"> Paulino dijo que en un clima de paz es m\u00e1s  f\u00e1cil hallar la salida a estos dif\u00edciles tiempos que amenazan con empeorar y  record\u00f3 que esta salida debe ser buscada entre todos\u00a0 como uno solo, pues a todos nos beneficiaria  y la bendici\u00f3n de Dios Todopoderoso se manifestar\u00eda grandemente en todos.<\/p>\n<p>&#13;<\/p>\n<p align=\"justify\" class=\"text1noticias\">Winston expres\u00f3 que esta composici\u00f3n es un  rechaz\u00f3 rotundo a las guerras y sus muertes de inocentes y aprovech\u00f3 el D\u00eda  Internacional de la Juventud  para instar a los j\u00f3venes a reconocer que \u201cel mundo es mayormente de la  juventud, pues son el presente y tambi\u00e9n es de los ni\u00f1os pues los infantes son  el futuro; sin embargo, personas que ya vivieron y disfrutaron su juventud  est\u00e1n destruyendo un mundo ajeno con las guerras de las cuales se lucran\u201d.<\/p>\n<p>&#13;<\/p>\n<p align=\"justify\" class=\"text1noticias\">El creador de la salsa \u201cSi No van a Morir Mi  Muerte\u201d llam\u00f3 a la juventud a levantarse y manifestarse contra la guerra, de  forma pacifica pero con contundencia para que los hacedores de negocio con las  guerras y sus muerte de inocentes,\u00a0 oigan  su voz y escuchen su canto.<\/p>\n<p>&#13;<\/p>\n<p align=\"justify\" class=\"text1noticias\">\u201cPor La   Paz\u201d contiene arreglos musicales del artista Amarfi y durante  el a\u00f1o 2005 fue seleccionada como el tema oficial de las Jornadas de Paz de la Federaci\u00f3n Mundial  Sindical-FSM- y recibi\u00f3 en Miami el Certificate of Completion de la campa\u00f1a To  Live in a Culture of Peace, mas luego evit\u00f3 un choque violento entre  simpatizantes de George Bush y Hugo Ch\u00e1vez frente al edificio de las Naciones  Unidas en Nueva York recibiendo por este episodio la estatuilla The Liberty  entregada por La Alcald\u00eda  de Michael Bloomberg.<br \/>&#13;<br \/>\n  \u00a0<br \/>&#13;<br \/>\n  En esta  versi\u00f3n 2009 de \u201cPor La Paz\u201d  el publicista Hilario De Aza expres\u00f3 un peque\u00f1o mensaje y le realiz\u00f3 un foto  video adecuado a las figuras relevantes que inciden en las determinaciones  sociales, pol\u00edticas y econ\u00f3micas de la actualidad. Este foto video se encuentra  la Internet  y para encontrarlo solo hay que buscar en la p\u00e1gina <a href=\"http:\/\/www.youtube.com\/\">www.youtube.com<\/a> : PRESIDENTES SE UNEN EN  VIDEO POR LA PAZ.<\/p>\n<p>&#13;<\/p>\n<h6> 2009-02-05 15:13:52 <\/h6>\n<p><!--\n<link rel=\"stylesheet\" href=\"css\/bootstrap.min.css\">\n\n\n<ul class=\"pagination\">\n\t    \n\t\n\n<li >\n\t<a href='?page_no=20604'>Previous<\/a>\n\t<\/li>\n\n\n       \n    \n\n<li><a href='?page_no=1'>1<\/a><\/li>\n\n\n\n<li><a href='?page_no=2'>2<\/a><\/li>\n\n\n\n<li><a>...<\/a><\/li>\n\n\n\n<li><a href='?page_no=20603'>20603<\/a><\/li>\n\n\n\n<li><a href='?page_no=20604'>20604<\/a><\/li>\n\n\n\n<li class='active'><a>20605<\/a><\/li>\n\n\n\n<li><a href='?page_no=20606'>20606<\/a><\/li>\n\n\n\n<li><a href='?page_no=20607'>20607<\/a><\/li>\n\n\n\n<li><a>...<\/a><\/li>\n\n\n\n<li><a href='?page_no=22522'>22522<\/a><\/li>\n\n\n\n<li><a href='?page_no=22523'>22523<\/a><\/li>\n\n    \n\t\n\n<li >\n\t<a href='?page_no=20606'>Next<\/a>\n\t<\/li>\n\n\n    \n\n<li><a href='?page_no=22523'>Last &rsaquo;&rsaquo;<\/a><\/li>\n\n<\/ul>\n\n\n--><br \/>\n<\/body><\/p>\n","protected":false},"excerpt":{"rendered":"<p>\u201cWINSTON PAULINO CANTA POR LA PAZ\u201d&#13; &#13; -Llama juventud enfrentar la guerra.- &#13; \u00a0 &#13; SANTO DOMINGO, R.D.- El cantautor dominicano Winston Paulino grab\u00f3 una nueva versi\u00f3n de su cl\u00e1sico \u201cPor La Paz\u201d en la cual llama a los l\u00edderes, dirigentes y presidentes del mundo a unir sus corazones a favor de la paz mundial. [&hellip;]<\/p>\n","protected":false},"author":3,"featured_media":0,"comment_status":"open","ping_status":"open","sticky":false,"template":"","format":"standard","meta":{"footnotes":""},"categories":[25],"tags":[],"class_list":["post-91983","post","type-post","status-publish","format-standard","hentry","category-gente"],"_links":{"self":[{"href":"https:\/\/diariodominicano.com\/index.php?rest_route=\/wp\/v2\/posts\/91983","targetHints":{"allow":["GET"]}}],"collection":[{"href":"https:\/\/diariodominicano.com\/index.php?rest_route=\/wp\/v2\/posts"}],"about":[{"href":"https:\/\/diariodominicano.com\/index.php?rest_route=\/wp\/v2\/types\/post"}],"author":[{"embeddable":true,"href":"https:\/\/diariodominicano.com\/index.php?rest_route=\/wp\/v2\/users\/3"}],"replies":[{"embeddable":true,"href":"https:\/\/diariodominicano.com\/index.php?rest_route=%2Fwp%2Fv2%2Fcomments&post=91983"}],"version-history":[{"count":0,"href":"https:\/\/diariodominicano.com\/index.php?rest_route=\/wp\/v2\/posts\/91983\/revisions"}],"wp:attachment":[{"href":"https:\/\/diariodominicano.com\/index.php?rest_route=%2Fwp%2Fv2%2Fmedia&parent=91983"}],"wp:term":[{"taxonomy":"category","embeddable":true,"href":"https:\/\/diariodominicano.com\/index.php?rest_route=%2Fwp%2Fv2%2Fcategories&post=91983"},{"taxonomy":"post_tag","embeddable":true,"href":"https:\/\/diariodominicano.com\/index.php?rest_route=%2Fwp%2Fv2%2Ftags&post=91983"}],"curies":[{"name":"wp","href":"https:\/\/api.w.org\/{rel}","templated":true}]}}