{"id":91982,"date":"2009-02-05T15:18:37","date_gmt":"2009-02-05T15:18:37","guid":{"rendered":"http:\/\/diariodominicano.ddns.net\/?p=91982"},"modified":"2009-02-05T15:18:37","modified_gmt":"2009-02-05T15:18:37","slug":"sabrina-en-fin-de-semana-viene-con-fitur-2009","status":"publish","type":"post","link":"https:\/\/diariodominicano.com\/?p=91982","title":{"rendered":"\u201cSabrina en Fin de Semana\u201d viene con FITUR 2009"},"content":{"rendered":"<p><body><\/p>\n<p class=\"titulogrande1\"><strong>\u201cSabrina en Fin de Semana\u201d viene con FITUR 2009 <\/strong><\/p>\n<p>&#13;<\/p>\n<p align=\"justify\" class=\"text1noticias\">Este domingo Sabrina Brugal trae un amplio reportaje sobre las  incidencias de esta feria que alberg\u00f3 a m\u00e1s de 13 mil expositores, adem\u00e1s de  una exclusiva rese\u00f1a sobre la nueva boutique de Oscar de la Renta en Madrid Espa\u00f1a.<\/p>\n<p>&#13;<\/p>\n<p align=\"justify\" class=\"text1noticias\"><strong><img loading=\"lazy\" decoding=\"async\" src=\"http:\/\/localhost:8080\/gente\/img\/sabris.jpg\" width=\"375\" height=\"566\" hspace=\"4\" align=\"left\" \/>SANTO DOMINGO.-<\/strong> \u201cSabrina en Fin de Semana\u201d, programa que produce desde hace casi 19  a\u00f1os Sabrina Brugal, trae este domingo todo lo acontecido en la Feria Internacional  de Turismo FITUR 2009, que se celebr\u00f3 en Madrid, Espa\u00f1a recientemente.<br \/>&#13;<br \/>\n  <br \/>&#13;<br \/>\n  Adem\u00e1s de presentar una interesante entrevista con el secretario de  Estado de Turismo, Francisco Javier Garc\u00eda, desde el recinto ferial, la carism\u00e1tica  productora de televisi\u00f3n muestra a su p\u00fablico las variadas actividades y  exposiciones desarrolladas en esta muestra internacional que reuni\u00f3 a m\u00e1s de 13  mil empresas expositoras de 170 pa\u00edses, las cuales mostraron sus atracciones y  focos de inter\u00e9s para el turismo internacional.<br \/>&#13;<br \/>\n  <br \/>&#13;<br \/>\n  Sabrina tambi\u00e9n aprovech\u00f3 su visita a Madrid para preparar un glamoroso  reportaje en la nueva boutique de Oscar de la Renta de Madrid, con 280 metros cuadrados  de tienda distribu\u00edda en dos plantas y en cuya entrada principal le recibe un  maniqu\u00ed con uno de los modelos del creador dominicano, una costumbre que se  repite en todas sus tiendas, as\u00ed como las referencias decorativas a la  Rep\u00fablica Dominicana, con palmeras y piedras de coral dominicano. <br \/>&#13;<br \/>\n  <br \/>&#13;<br \/>\n  Brugal le mostrar\u00e1 c\u00f3mo, para su tienda de Madrid, tambi\u00e9n de la Renta us\u00f3 tambi\u00e9n otros  materiales como la madera de aingr\u00e9, as\u00ed como su decoraci\u00f3n con muebles que  imitan el apartamento del dise\u00f1ador. Adem\u00e1s conocer\u00e1 su planta inferior, donde  se encuentran sus fant\u00e1sticos vestidos de noche, donde hay una chimenea que se  enciende durante los meses de invierno, creando un ambiente c\u00e1lido, perfecto  para elegir el modelo indicado para una cena de gala.<br \/>&#13;<br \/>\n  <br \/>&#13;<br \/>\n  No se pierda la visita de \u201cSabrina en Fin de Semana\u201d al restaurante m\u00e1s  de moda en Madrid, justo al frente de la Puerta de Alcal\u00e1, el Ramses live and food. En  fin, disfrute de la ciudad de\u00a0 Madrid y conozca  qu\u00e9 le ofrece esta maravillosa ciudad a las diferentes horas del d\u00eda.<br \/>&#13;<br \/>\n  <br \/>&#13;<br \/>\n  Sabrina en Fin de Semanaes  transmitidocada domingo a las siete  de la noche por Color Visi\u00f3n, con repeticiones durante toda la semana por el  canal 10 de Telecable, con alcance nacional, y por Dominican View\u00a0 para todos los Estados Unidos.<\/p>\n<p>&#13;<\/p>\n<h6> 2009-02-05 15:18:37 <\/h6>\n<p><!--\n<link rel=\"stylesheet\" href=\"css\/bootstrap.min.css\">\n\n\n<ul class=\"pagination\">\n\t    \n\t\n\n<li >\n\t<a href='?page_no=20603'>Previous<\/a>\n\t<\/li>\n\n\n       \n    \n\n<li><a href='?page_no=1'>1<\/a><\/li>\n\n\n\n<li><a href='?page_no=2'>2<\/a><\/li>\n\n\n\n<li><a>...<\/a><\/li>\n\n\n\n<li><a href='?page_no=20602'>20602<\/a><\/li>\n\n\n\n<li><a href='?page_no=20603'>20603<\/a><\/li>\n\n\n\n<li class='active'><a>20604<\/a><\/li>\n\n\n\n<li><a href='?page_no=20605'>20605<\/a><\/li>\n\n\n\n<li><a href='?page_no=20606'>20606<\/a><\/li>\n\n\n\n<li><a>...<\/a><\/li>\n\n\n\n<li><a href='?page_no=22522'>22522<\/a><\/li>\n\n\n\n<li><a href='?page_no=22523'>22523<\/a><\/li>\n\n    \n\t\n\n<li >\n\t<a href='?page_no=20605'>Next<\/a>\n\t<\/li>\n\n\n    \n\n<li><a href='?page_no=22523'>Last &rsaquo;&rsaquo;<\/a><\/li>\n\n<\/ul>\n\n\n--><br \/>\n<\/body><\/p>\n","protected":false},"excerpt":{"rendered":"<p>\u201cSabrina en Fin de Semana\u201d viene con FITUR 2009 &#13; Este domingo Sabrina Brugal trae un amplio reportaje sobre las incidencias de esta feria que alberg\u00f3 a m\u00e1s de 13 mil expositores, adem\u00e1s de una exclusiva rese\u00f1a sobre la nueva boutique de Oscar de la Renta en Madrid Espa\u00f1a. &#13; SANTO DOMINGO.- \u201cSabrina en Fin [&hellip;]<\/p>\n","protected":false},"author":3,"featured_media":0,"comment_status":"open","ping_status":"open","sticky":false,"template":"","format":"standard","meta":{"footnotes":""},"categories":[25],"tags":[],"class_list":["post-91982","post","type-post","status-publish","format-standard","hentry","category-gente"],"_links":{"self":[{"href":"https:\/\/diariodominicano.com\/index.php?rest_route=\/wp\/v2\/posts\/91982","targetHints":{"allow":["GET"]}}],"collection":[{"href":"https:\/\/diariodominicano.com\/index.php?rest_route=\/wp\/v2\/posts"}],"about":[{"href":"https:\/\/diariodominicano.com\/index.php?rest_route=\/wp\/v2\/types\/post"}],"author":[{"embeddable":true,"href":"https:\/\/diariodominicano.com\/index.php?rest_route=\/wp\/v2\/users\/3"}],"replies":[{"embeddable":true,"href":"https:\/\/diariodominicano.com\/index.php?rest_route=%2Fwp%2Fv2%2Fcomments&post=91982"}],"version-history":[{"count":0,"href":"https:\/\/diariodominicano.com\/index.php?rest_route=\/wp\/v2\/posts\/91982\/revisions"}],"wp:attachment":[{"href":"https:\/\/diariodominicano.com\/index.php?rest_route=%2Fwp%2Fv2%2Fmedia&parent=91982"}],"wp:term":[{"taxonomy":"category","embeddable":true,"href":"https:\/\/diariodominicano.com\/index.php?rest_route=%2Fwp%2Fv2%2Fcategories&post=91982"},{"taxonomy":"post_tag","embeddable":true,"href":"https:\/\/diariodominicano.com\/index.php?rest_route=%2Fwp%2Fv2%2Ftags&post=91982"}],"curies":[{"name":"wp","href":"https:\/\/api.w.org\/{rel}","templated":true}]}}