{"id":91979,"date":"2009-02-05T18:01:19","date_gmt":"2009-02-05T18:01:19","guid":{"rendered":"http:\/\/diariodominicano.ddns.net\/?p=91979"},"modified":"2009-02-05T18:01:19","modified_gmt":"2009-02-05T18:01:19","slug":"laura-ferretti-se-hace-parte-de-f-f-media-corp","status":"publish","type":"post","link":"https:\/\/diariodominicano.com\/?p=91979","title":{"rendered":"Laura Ferretti se hace parte de F &amp; F Media Corp."},"content":{"rendered":"<p><body><\/p>\n<p align=\"justify\"><span class=\"titulogrande1\">Laura  Ferretti se hace parte de F &amp; F Media Corp.<\/span><br \/>&#13;<br \/>\n  <br \/>&#13;<br \/>\n    <span class=\"text1noticias\"><img loading=\"lazy\" decoding=\"async\" src=\"http:\/\/localhost:8080\/gente\/img\/ferreti.jpg\" width=\"375\" height=\"198\" hspace=\"4\" align=\"left\" \/>Miami,  FL, 5 de febrero del 2009.- <strong>Laura  Ferretti<\/strong>, mejor conocida en el mundo art\u00edstico como \u201c<strong>La Ferretti<\/strong>\u201d, ha dado a conocer su alianza con la compa\u00f1\u00eda de  relaciones p\u00fablicas <strong>F &amp; F Media Corp<\/strong>.  La actriz, quien es tambi\u00e9n conductora y comediante, se suma a los numerosos  talentos de la prestigiosa firma de publicidad.<br \/>&#13;<br \/>\n    <br \/>&#13;<br \/>\n    Ferretti  ha venido cosechando un s\u00f3lido camino en el mundo del entretenimiento desde su  natal Argentina, hasta llegar finalmente a hacer su <em>crossover<\/em> al mercado hispanoamericano, en el 2003, cuando comienza como una de las destacadas actrices c\u00f3micas y  polifac\u00e9ticas de la cadena Univisi\u00f3n, actuando en segmentos de comedia de los programas S\u00e1bado Gigante y  El Gordo y la Flaca, entre otros.<br \/>&#13;<br \/>\n    <br \/>&#13;<br \/>\n    Ya establecida  como comediante en el mercado hispano de Estados Unidos, decide capacitarse  arduamente y hacer el giro hacia el drama con series televisivas como  \u201cDecisiones\u201d de Telemundo, adem\u00e1s de obras de teatro y en exitosas telenovelas  como \u201cAcorralada\u201d, \u201cLas dos caras de Ana\u201d y \u201cAmor Comprado\u201d de la cadena  Univisi\u00f3n, con emblem\u00e1ticos personajes que la hicieron conocerse en varias  facetas.<br \/>&#13;<br \/>\n    <br \/>&#13;<br \/>\n    Paralelamente  a su carrera como actriz, logr\u00f3 participar exitosamente en la conducci\u00f3n de  varios programas gracias a su gran capacidad de animadora y su  agudo sentido del humor, virtud que siempre la ha caracterizado.<br \/>&#13;<br \/>\n\u201cS\u00e9 que  estoy dando un paso importante en mi carrera al incorporarme a esta compa\u00f1\u00eda  que representa tantos artistas de una manera profesional y respetuosa\u201d, expres\u00f3  la actriz.<br \/>&#13;<br \/>\n<br \/>&#13;<br \/>\n  Por su  parte, <strong>Adolfo Fern\u00e1ndez<\/strong>, presidente  de F &amp; F Media Corp., con base en Miami y sucursales en Venezuela, Colombia  y Rep\u00fablica Dominicana, expres\u00f3 que la entrada de La Ferretti a la firma la ha  recibido con mucho entusiasmo, pues reconoce que el  talento y la perseverancia de esta mujer har\u00e1 que tenga un brillante futuro por  delante. \u201cLa  versatilidad y originalidad de esta artista la llevar\u00e1 muy lejos, por eso es un  honor poder representarla en nuestra empresa\u201d, afirm\u00f3 Fern\u00e1ndez.<br \/>&#13;<br \/>\n  <br \/>&#13;<br \/>\n  Recientemente,  \u201cLa Ferretti\u201d dio vida al personaje de \u201cMaribel Delgado\u201d en la s\u00faper producci\u00f3n  televisiva \u201cGabriel\u201d de Mega Films, donde trabaj\u00f3 junto a otras estrellas como<strong> Chayanne<\/strong> y <strong>Jos\u00e9 Luis Rodr\u00edguez<\/strong> \u201c<strong>El Puma<\/strong>\u201d.<br \/>&#13;<br \/>\n  En las  pr\u00f3ximas semanas, la serie se presentar\u00e1 en la cadena Telefe de Argentina y en pa\u00edses como Uruguay, Chile, Venezuela, Colombia y Panam\u00e1.<br \/>&#13;<br \/>\n  <br \/>&#13;<br \/>\nNuestra m\u00e1s grata bienvenida a una  figura de la estatura de Laura Ferretti.<\/span><\/p>\n<p>&#13;<\/p>\n<h6> 2009-02-05 18:01:19 <\/h6>\n<p><!--\n<link rel=\"stylesheet\" href=\"css\/bootstrap.min.css\">\n\n\n<ul class=\"pagination\">\n\t    \n\t\n\n<li >\n\t<a href='?page_no=20600'>Previous<\/a>\n\t<\/li>\n\n\n       \n    \n\n<li><a href='?page_no=1'>1<\/a><\/li>\n\n\n\n<li><a href='?page_no=2'>2<\/a><\/li>\n\n\n\n<li><a>...<\/a><\/li>\n\n\n\n<li><a href='?page_no=20599'>20599<\/a><\/li>\n\n\n\n<li><a href='?page_no=20600'>20600<\/a><\/li>\n\n\n\n<li class='active'><a>20601<\/a><\/li>\n\n\n\n<li><a href='?page_no=20602'>20602<\/a><\/li>\n\n\n\n<li><a href='?page_no=20603'>20603<\/a><\/li>\n\n\n\n<li><a>...<\/a><\/li>\n\n\n\n<li><a href='?page_no=22522'>22522<\/a><\/li>\n\n\n\n<li><a href='?page_no=22523'>22523<\/a><\/li>\n\n    \n\t\n\n<li >\n\t<a href='?page_no=20602'>Next<\/a>\n\t<\/li>\n\n\n    \n\n<li><a href='?page_no=22523'>Last &rsaquo;&rsaquo;<\/a><\/li>\n\n<\/ul>\n\n\n--><br \/>\n<\/body><\/p>\n","protected":false},"excerpt":{"rendered":"<p>Laura Ferretti se hace parte de F &amp; F Media Corp.&#13; &#13; Miami, FL, 5 de febrero del 2009.- Laura Ferretti, mejor conocida en el mundo art\u00edstico como \u201cLa Ferretti\u201d, ha dado a conocer su alianza con la compa\u00f1\u00eda de relaciones p\u00fablicas F &amp; F Media Corp. La actriz, quien es tambi\u00e9n conductora y comediante, [&hellip;]<\/p>\n","protected":false},"author":3,"featured_media":0,"comment_status":"open","ping_status":"open","sticky":false,"template":"","format":"standard","meta":{"footnotes":""},"categories":[25],"tags":[],"class_list":["post-91979","post","type-post","status-publish","format-standard","hentry","category-gente"],"_links":{"self":[{"href":"https:\/\/diariodominicano.com\/index.php?rest_route=\/wp\/v2\/posts\/91979","targetHints":{"allow":["GET"]}}],"collection":[{"href":"https:\/\/diariodominicano.com\/index.php?rest_route=\/wp\/v2\/posts"}],"about":[{"href":"https:\/\/diariodominicano.com\/index.php?rest_route=\/wp\/v2\/types\/post"}],"author":[{"embeddable":true,"href":"https:\/\/diariodominicano.com\/index.php?rest_route=\/wp\/v2\/users\/3"}],"replies":[{"embeddable":true,"href":"https:\/\/diariodominicano.com\/index.php?rest_route=%2Fwp%2Fv2%2Fcomments&post=91979"}],"version-history":[{"count":0,"href":"https:\/\/diariodominicano.com\/index.php?rest_route=\/wp\/v2\/posts\/91979\/revisions"}],"wp:attachment":[{"href":"https:\/\/diariodominicano.com\/index.php?rest_route=%2Fwp%2Fv2%2Fmedia&parent=91979"}],"wp:term":[{"taxonomy":"category","embeddable":true,"href":"https:\/\/diariodominicano.com\/index.php?rest_route=%2Fwp%2Fv2%2Fcategories&post=91979"},{"taxonomy":"post_tag","embeddable":true,"href":"https:\/\/diariodominicano.com\/index.php?rest_route=%2Fwp%2Fv2%2Ftags&post=91979"}],"curies":[{"name":"wp","href":"https:\/\/api.w.org\/{rel}","templated":true}]}}