{"id":91975,"date":"2009-02-06T18:26:20","date_gmt":"2009-02-06T18:26:20","guid":{"rendered":"http:\/\/diariodominicano.ddns.net\/?p=91975"},"modified":"2009-02-06T18:26:20","modified_gmt":"2009-02-06T18:26:20","slug":"aclamado-tenor-ben-heppner-abrira-el-septimo-festival-musical-de-santo-domingo","status":"publish","type":"post","link":"https:\/\/diariodominicano.com\/?p=91975","title":{"rendered":"Aclamado tenor Ben Heppner abrir\u00e1 el S\u00e9ptimo Festival Musical de Santo Domingo"},"content":{"rendered":"<p><body><\/p>\n<p align=\"justify\" class=\"titulogrande1\">Aclamado tenor Ben Heppner abrir\u00e1 el S\u00e9ptimo Festival Musical de Santo  Domingo<\/p>\n<p>&#13;<\/p>\n<p>\u00a0<\/p>\n<p>&#13;<\/p>\n<p align=\"justify\" class=\"text1noticias\"><strong><img loading=\"lazy\" decoding=\"async\" src=\"http:\/\/localhost:8080\/gente\/img\/hepner.jpg\" width=\"375\" height=\"445\" hspace=\"4\" align=\"left\" \/>Santo Domingo.-<\/strong> La Fundaci\u00f3n Sinfon\u00eda,\u00a0 junto con la  Secretar\u00eda de Estado de Cultura, \u00a0\u00a0anuncia con suma satisfacci\u00f3n\u00a0 la participaci\u00f3n del gran tenor heroico Ben  Heppner en el primer concierto del Festival Musical de Santo Domingo a  celebrarse \u00a0el pr\u00f3ximo 4 de marzo de 2009.<\/p>\n<p>&#13;<\/p>\n<p align=\"justify\" class=\"text1noticias\">En su debut en  Santo Domingo, \u00a0<strong>Ben Heppner <\/strong>estar\u00e1 acompa\u00f1ado por la Orquesta del Festival bajo la  direcci\u00f3n del joven Maestro espa\u00f1ol Ram\u00f3n Tebar.\u00a0 Heppner ofrecer\u00e1 un repertorio con un exquisito  surtido de arias de Wagner Puccini, Massenet, Giordano, Verdi y  Weber. <\/p>\n<p>&#13;<\/p>\n<p align=\"justify\" class=\"text1noticias\"> Ben Heppner es  reconocido mundialmente como uno de los mejores tenores dram\u00e1ticos de la  actualidad.\u00a0 Interpreta magistralmente  los m\u00e1s dif\u00edciles roles, desde el Trist\u00e1n y el Lohengrin de Wagner al Otello de  Verdi y el Eneas de Berlioz.\u00a0 Es aclamado  en todas las capitales musicales del mundo por su bella voz, musicalidad  inteligente y poderoso sentido dram\u00e1tico.\u00a0  Sus actuaciones en \u00f3pera y conciertos con las principales orquestas del  mundo, en las m\u00e1s prestigiosas salas y en grabaciones han establecido nuevos  est\u00e1ndares en su extenso repertorio.<\/p>\n<p>&#13;<\/p>\n<p align=\"justify\" class=\"text1noticias\">Heppner curs\u00f3  estudios musicales en la   Universidad de Columbia Brit\u00e1nica.\u00a0 Llam\u00f3 la atenci\u00f3n nacional en 1979 como el  ganador del Festival de Talentos de la Canadian Broadcasting Company.\u00a0\u00a0 Fue ganador en 1988 de las audiciones del  Metropolitan Opera y recibi\u00f3 Premios Grammy en 1998 por su grabaci\u00f3n de \u201cLos  Maestros Cantores\u201d de Wagner para la casa disquera Decca\/London \u00a0y en 2001 por su grabaci\u00f3n de\u00a0 \u201cLos Troyanos\u201d de Berlioz con la Orquesta Sinf\u00f3nica  de Londres en el sello LSO Live.\u00a0 <\/p>\n<p>&#13;<\/p>\n<p align=\"justify\" class=\"text1noticias\">En la presente  temporada, Ben Heppper ofrecer\u00e1 m\u00e1s de veinticinco presentaciones por toda\u00a0 Europa y Norteam\u00e9rica, comenzando con  recitales en Ontario, Canad\u00e1 y un Concierto de Gala en el Centro Nacional de  Arte de Ottawa.\u00a0 Junto con la Orquesta Filarm\u00f3nica  de La Scala de  Mil\u00e1n y Ricardo Chailly realiza una gira por Norteam\u00e9rica culminando en el  Carnegie Hall de New York.\u00a0 Tambi\u00e9n canta  \u201cEl Sue\u00f1o de Geroncio\u201d\u00a0 de Elgar con la Sinf\u00f3nica de Boston  dirigida por Sir Colin Davis y con la Sinf\u00f3nica de Vancouver.\u00a0 El se\u00f1or Heppner canta las canciones de  Sibelius con la   Filarm\u00f3nica de Los Angeles y Esa-Pekka Salonen\u00a0 en el Disney Hall de \u00a0Los \u00c1ngeles,\u00a0  la Salle Pleyel en Par\u00eds, y el Centro Barbican de Londres.\u00a0 Acompa\u00f1ado de la Filarm\u00f3nica de Berl\u00edn  canta \u201cLa Canci\u00f3n de la Tierra\u201d de Mahler en la sala Philharmonie de Berl\u00edn, Carnegie  Hall y Symphony Hall de Boston. Tambi\u00e9n puede ser escuchado \u00a0en un recital en el Gran Teatro de Ginebra y  el \u00a0Shriver Hall de Baltimore.\u00a0 <\/p>\n<p>&#13;<\/p>\n<p align=\"justify\">\u00a0<\/p>\n<p>&#13;<\/p>\n<p align=\"justify\" class=\"text1noticias\">Regresa al Metropolitan  Opera en marzo para participar en \u201cTrist\u00e1n e Isolda\u201d\u00a0 con James Levine, que ser\u00e1 trasmitido  simult\u00e1neamente a salas de cine de Norteam\u00e9rica y el Reino Unido. Termina la  temporada cantando por primera vez en rol protag\u00f3nico del Sigfrido wagneriano \u00a0con Sim\u00f3n Rattle y la Filarm\u00f3nica de Berl\u00edn  en el Festival de Aix-en-Provence.<\/p>\n<p>&#13;<\/p>\n<p align=\"justify\" class=\"text1noticias\">La se\u00f1ora Margarita Copello de Rodr\u00edguez, Presidenta de la Fundaci\u00f3n  Sinfon\u00eda indic\u00f3: \u201cEstamos muy emocionados \u00a0con la presencia de Benn Heppner en la noche  inaugural del Festival 2009,\u00a0\u00a0 pocos  tenores tienen una voz que combina poder y gracia,\u00a0 nobleza con sensibilidad.\u00a0 La voz de Heppner es un instrumento de  excepcional robustez pero jam\u00e1s \u00e1spera.\u00a0  Su calidez y sentido dram\u00e1tico se combinan con una habilidad insuperable  de comunicar las m\u00e1s variadas emociones.<\/p>\n<p>&#13;<\/p>\n<p align=\"justify\" class=\"text1noticias\">Es importante destacar la Orquesta del Festival,  compuesta de m\u00e1s de 100 m\u00fasicos y\u00a0  profesores de la Orquesta Sinf\u00f3nica Nacional e instrumentistas invitados  de las principales orquestas de Europa y Estados Unidos.\u00a0 Este intercambio con m\u00fasicos de orquestas del  exterior \u00a0en una atm\u00f3sfera de cordialidad  y bajo la batuta del Maestro Entremont resulta una invaluable experiencia para  los m\u00fasicos. <\/p>\n<p>&#13;<\/p>\n<p align=\"justify\" class=\"text1noticias\">El Festival Musical de Santo Domingo es un evento art\u00edstico internacional  que se celebra cada dos a\u00f1os desde 1997 en el Teatro Nacional de la capital  dominicana, propuesto y creado por el maestro Philippe Entremont, conjuntamente  con la Fundaci\u00f3n \u00abSinfon\u00eda\u00bb. <\/p>\n<p>&#13;<\/p>\n<p align=\"justify\">\u00a0<\/p>\n<p>&#13;<\/p>\n<p align=\"justify\" class=\"text1noticias\">Acerca de Fundaci\u00f3n Sinfon\u00eda <br \/>&#13;<br \/>\n  <em>La Fundaci\u00f3n SINFON\u00cdA  es una organizaci\u00f3n privada sin fines de lucro, creada por iniciativa de un  grupo de amantes de la m\u00fasica con el prop\u00f3sito de colaborar con la  consolidaci\u00f3n y proyecci\u00f3n de la Orquesta Sinf\u00f3nica Nacional de la Rep\u00fablica  Dominicana. Su primer presidente y fundador lo fue el se\u00f1or Pedro Rodr\u00edguez  Villaca\u00f1as.<\/em><br \/>&#13;<br \/>\n  <br \/>&#13;<br \/>\n  <em>La exitosa gesti\u00f3n de  la Fundaci\u00f3n Sinfon\u00eda ha enriquecido la vida musical de la naci\u00f3n, invitando  solistas, directores y artistas de fama internacional, quienes alternan con los  m\u00e1s distinguidos m\u00fasicos y artistas cl\u00e1sicos nacionales, una meta que alcanza  su cima cada dos a\u00f1os con el Festival Musical de Santo Domingo. <\/em><br \/>&#13;<br \/>\n  <br \/>&#13;<br \/>\n<em>\u00abSINFON\u00cdA\u00bb  fue fundada el 24 de noviembre del 1986, adquiriendo estatus legal por medio  del decreto presidencial No. 505, de fecha del 23 de diciembre del 1986.  Posteriormente el decreto 35-93, expedido el 29 de enero de 1993, le otorg\u00f3 a  la fundaci\u00f3n el manejo de la Orquesta Sinf\u00f3nica Nacional hasta la creaci\u00f3n de  la Secretar\u00eda de Estado de Cultura en el a\u00f1o 2000.Desde entonces, la fundaci\u00f3n  Sinfon\u00eda ha estado trabajando en estrecha colaboraci\u00f3n con la Secretar\u00eda de  Estado de Cultura en su labor de apoyo a la Orquesta Sinf\u00f3nica Nacional de la  Rep\u00fablica Dominicana.<\/em><\/p>\n<p>&#13;<\/p>\n<h6> 2009-02-06 18:26:20 <\/h6>\n<p><!--\n<link rel=\"stylesheet\" href=\"css\/bootstrap.min.css\">\n\n\n<ul class=\"pagination\">\n\t    \n\t\n\n<li >\n\t<a href='?page_no=20596'>Previous<\/a>\n\t<\/li>\n\n\n       \n    \n\n<li><a href='?page_no=1'>1<\/a><\/li>\n\n\n\n<li><a href='?page_no=2'>2<\/a><\/li>\n\n\n\n<li><a>...<\/a><\/li>\n\n\n\n<li><a href='?page_no=20595'>20595<\/a><\/li>\n\n\n\n<li><a href='?page_no=20596'>20596<\/a><\/li>\n\n\n\n<li class='active'><a>20597<\/a><\/li>\n\n\n\n<li><a href='?page_no=20598'>20598<\/a><\/li>\n\n\n\n<li><a href='?page_no=20599'>20599<\/a><\/li>\n\n\n\n<li><a>...<\/a><\/li>\n\n\n\n<li><a href='?page_no=22522'>22522<\/a><\/li>\n\n\n\n<li><a href='?page_no=22523'>22523<\/a><\/li>\n\n    \n\t\n\n<li >\n\t<a href='?page_no=20598'>Next<\/a>\n\t<\/li>\n\n\n    \n\n<li><a href='?page_no=22523'>Last &rsaquo;&rsaquo;<\/a><\/li>\n\n<\/ul>\n\n\n--><br \/>\n<\/body><\/p>\n","protected":false},"excerpt":{"rendered":"<p>Aclamado tenor Ben Heppner abrir\u00e1 el S\u00e9ptimo Festival Musical de Santo Domingo &#13; \u00a0 &#13; Santo Domingo.- La Fundaci\u00f3n Sinfon\u00eda,\u00a0 junto con la Secretar\u00eda de Estado de Cultura, \u00a0\u00a0anuncia con suma satisfacci\u00f3n\u00a0 la participaci\u00f3n del gran tenor heroico Ben Heppner en el primer concierto del Festival Musical de Santo Domingo a celebrarse \u00a0el pr\u00f3ximo 4 [&hellip;]<\/p>\n","protected":false},"author":3,"featured_media":0,"comment_status":"open","ping_status":"open","sticky":false,"template":"","format":"standard","meta":{"footnotes":""},"categories":[25],"tags":[],"class_list":["post-91975","post","type-post","status-publish","format-standard","hentry","category-gente"],"_links":{"self":[{"href":"https:\/\/diariodominicano.com\/index.php?rest_route=\/wp\/v2\/posts\/91975","targetHints":{"allow":["GET"]}}],"collection":[{"href":"https:\/\/diariodominicano.com\/index.php?rest_route=\/wp\/v2\/posts"}],"about":[{"href":"https:\/\/diariodominicano.com\/index.php?rest_route=\/wp\/v2\/types\/post"}],"author":[{"embeddable":true,"href":"https:\/\/diariodominicano.com\/index.php?rest_route=\/wp\/v2\/users\/3"}],"replies":[{"embeddable":true,"href":"https:\/\/diariodominicano.com\/index.php?rest_route=%2Fwp%2Fv2%2Fcomments&post=91975"}],"version-history":[{"count":0,"href":"https:\/\/diariodominicano.com\/index.php?rest_route=\/wp\/v2\/posts\/91975\/revisions"}],"wp:attachment":[{"href":"https:\/\/diariodominicano.com\/index.php?rest_route=%2Fwp%2Fv2%2Fmedia&parent=91975"}],"wp:term":[{"taxonomy":"category","embeddable":true,"href":"https:\/\/diariodominicano.com\/index.php?rest_route=%2Fwp%2Fv2%2Fcategories&post=91975"},{"taxonomy":"post_tag","embeddable":true,"href":"https:\/\/diariodominicano.com\/index.php?rest_route=%2Fwp%2Fv2%2Ftags&post=91975"}],"curies":[{"name":"wp","href":"https:\/\/api.w.org\/{rel}","templated":true}]}}