{"id":91974,"date":"2009-02-06T19:45:33","date_gmt":"2009-02-06T19:45:33","guid":{"rendered":"http:\/\/diariodominicano.ddns.net\/?p=91974"},"modified":"2009-02-06T19:45:33","modified_gmt":"2009-02-06T19:45:33","slug":"mega-espectaculo-piromusical-iluminemos-la-patria-2009","status":"publish","type":"post","link":"https:\/\/diariodominicano.com\/?p=91974","title":{"rendered":"\u201cMega espect\u00e1culo piromusical  iluminemos la Patria 2009\u201d"},"content":{"rendered":"<p><body><\/p>\n<p class=\"titulogrande1\">\u201cMega  espect\u00e1culo piromusical\u00a0 iluminemos la  Patria 2009\u201d<\/p>\n<p>&#13;<\/p>\n<p align=\"justify\" class=\"text1noticias\"><strong><img loading=\"lazy\" decoding=\"async\" src=\"http:\/\/localhost:8080\/gente\/img\/jupize.jpg\" width=\"375\" height=\"255\" hspace=\"4\" align=\"left\" \/>Santo Domingo<\/strong>.- La firma Fuegos Artificiales J\u00fapiter Dominicana, l\u00edder  en espect\u00e1culos\u00a0 pirot\u00e9cnicos en el pa\u00eds,  \u00a0celebrar\u00e1 la\u00a0 segunda versi\u00f3n\u00a0 del mega evento \u00a0piromusical\u00a0  \u201cIluminemos la Patria 2009\u201d, actividad en\u00a0 la que la firma se enaltece\u00a0 impregnando el cielo de luces con las m\u00e1s  novedosas y avanzadas t\u00e9cnicas de efectos especiales existentes en el mercado.<\/p>\n<p>&#13;<\/p>\n<p align=\"justify\" class=\"text1noticias\">Para  esta \u00a0segunda versi\u00f3n del magno evento se  ha elegido nuevamente la Avenida del Puerto, uno de los escenarios abiertos m\u00e1s  grandes con que cuenta la Rep\u00fablica Dominicana para este tipo de celebraci\u00f3n.<\/p>\n<p>&#13;<\/p>\n<p align=\"justify\" class=\"text1noticias\">El  mega espect\u00e1culo \u201cIluminemos la Patria 2009\u201d tiene como inspiraci\u00f3n la  celebraci\u00f3n de la Independencia Dominicana, a efectuarse el 27 de febrero  pr\u00f3ximo. Este ser\u00e1 el m\u00e1s grandes show pirot\u00e9cnico a realizarse en el Caribe.<\/p>\n<p>&#13;<\/p>\n<p align=\"justify\" class=\"text1noticias\">Los  detalles sobre el espect\u00e1culo fueron dados a conocer por el Lic. Juan Francisco  Portes, Presidente de la empresa J\u00fapiter, durante una rueda de prensa el pasado  mi\u00e9rcoles 4 de este mes de febrero. Este\u00a0  podr\u00e1 ser visto y disfrutado de manera gratuita por todos los  dominicanos. Este Magno evento ser\u00e1 a beneficio de la Fundaci\u00f3n \u201c<strong>Que Viva el Pa\u00eds<\/strong>\u201d, presidida por la  distinguida comunicadora Jatna Tavares, Seg\u00fan informo.<br \/>&#13;<br \/>\n  \u00a0<br \/>&#13;<br \/>\n  Esta  vez presentar\u00e1n una diversidad de efectos especiales, de los cuales se habl\u00f3 en  la rueda de prensa, encabezada por los principales ejecutivos de la empresa.<\/p>\n<p>&#13;<\/p>\n<p align=\"justify\" class=\"text1noticias\">\u00a0\u201c<strong>Iluminemos  La Patria 2009<\/strong>\u201d,\u00a0 evento auspiciado  por Fuegos Artificiales J\u00fapiter, ser\u00e1 el viernes 27 de febrero a partir de las  7:00 de la noche, totalmente gratis para todo el pueblo dominicano. Ser\u00e1  transmitido en vivo por Digital 15.<\/p>\n<p>&#13;<\/p>\n<p align=\"justify\" class=\"text1noticias\"><strong>\u00a0<\/strong><\/p>\n<p>&#13;<\/p>\n<p align=\"justify\" class=\"text1noticias\"><strong>\u00a0<\/strong><\/p>\n<p>&#13;<\/p>\n<p align=\"justify\" class=\"text1noticias\"><strong>J\u00fapiter Dominicana<\/strong><br \/>&#13;<br \/>\n  Esta  empresa tiene como actividad principal ambientar espect\u00e1culo con su amplia gama  de efectos especiales en fuegos artificiales con que cuenta, conjuntamente con  profesionales capacitados para su manipulaci\u00f3n. <br \/>&#13;<br \/>\n  <br \/>&#13;<br \/>\n  Desde  su creaci\u00f3n ha sido protagonista\u00a0 de  miles de espect\u00e1culos de esta naturaleza en las celebraciones m\u00e1s importantes  del pa\u00eds, donde ha dado a conocer su calidad y seguridad\u00a0 en los\u00a0  servicios que ofrece.<br \/>&#13;<br \/>\n  <br \/>&#13;<br \/>\n  Adem\u00e1s  de ofrecer magnos espect\u00e1culos profesionales de fuegos artificiales, ofrece  tambi\u00e9n show de pirotecnia, as\u00ed como tambi\u00e9n realizaci\u00f3n de Shows para eventos  particulares.\u00a0\u00a0\u00a0 <br \/>&#13;<br \/>\n  <br \/>&#13;<br \/>\n  M\u00e1s  de 30,000 efectos pirot\u00e9cnicos y escenas acu\u00e1ticas de la m\u00e1s alta tecnolog\u00eda  ser\u00e1n proyectados esa noche en la Avenida del Puerto.<\/p>\n<p>&#13;<\/p>\n<h6> 2009-02-06 19:45:33 <\/h6>\n<p><!--\n<link rel=\"stylesheet\" href=\"css\/bootstrap.min.css\">\n\n\n<ul class=\"pagination\">\n\t    \n\t\n\n<li >\n\t<a href='?page_no=20595'>Previous<\/a>\n\t<\/li>\n\n\n       \n    \n\n<li><a href='?page_no=1'>1<\/a><\/li>\n\n\n\n<li><a href='?page_no=2'>2<\/a><\/li>\n\n\n\n<li><a>...<\/a><\/li>\n\n\n\n<li><a href='?page_no=20594'>20594<\/a><\/li>\n\n\n\n<li><a href='?page_no=20595'>20595<\/a><\/li>\n\n\n\n<li class='active'><a>20596<\/a><\/li>\n\n\n\n<li><a href='?page_no=20597'>20597<\/a><\/li>\n\n\n\n<li><a href='?page_no=20598'>20598<\/a><\/li>\n\n\n\n<li><a>...<\/a><\/li>\n\n\n\n<li><a href='?page_no=22522'>22522<\/a><\/li>\n\n\n\n<li><a href='?page_no=22523'>22523<\/a><\/li>\n\n    \n\t\n\n<li >\n\t<a href='?page_no=20597'>Next<\/a>\n\t<\/li>\n\n\n    \n\n<li><a href='?page_no=22523'>Last &rsaquo;&rsaquo;<\/a><\/li>\n\n<\/ul>\n\n\n--><br \/>\n<\/body><\/p>\n","protected":false},"excerpt":{"rendered":"<p>\u201cMega espect\u00e1culo piromusical\u00a0 iluminemos la Patria 2009\u201d &#13; Santo Domingo.- La firma Fuegos Artificiales J\u00fapiter Dominicana, l\u00edder en espect\u00e1culos\u00a0 pirot\u00e9cnicos en el pa\u00eds, \u00a0celebrar\u00e1 la\u00a0 segunda versi\u00f3n\u00a0 del mega evento \u00a0piromusical\u00a0 \u201cIluminemos la Patria 2009\u201d, actividad en\u00a0 la que la firma se enaltece\u00a0 impregnando el cielo de luces con las m\u00e1s novedosas y avanzadas t\u00e9cnicas [&hellip;]<\/p>\n","protected":false},"author":3,"featured_media":0,"comment_status":"open","ping_status":"open","sticky":false,"template":"","format":"standard","meta":{"footnotes":""},"categories":[25],"tags":[],"class_list":["post-91974","post","type-post","status-publish","format-standard","hentry","category-gente"],"_links":{"self":[{"href":"https:\/\/diariodominicano.com\/index.php?rest_route=\/wp\/v2\/posts\/91974","targetHints":{"allow":["GET"]}}],"collection":[{"href":"https:\/\/diariodominicano.com\/index.php?rest_route=\/wp\/v2\/posts"}],"about":[{"href":"https:\/\/diariodominicano.com\/index.php?rest_route=\/wp\/v2\/types\/post"}],"author":[{"embeddable":true,"href":"https:\/\/diariodominicano.com\/index.php?rest_route=\/wp\/v2\/users\/3"}],"replies":[{"embeddable":true,"href":"https:\/\/diariodominicano.com\/index.php?rest_route=%2Fwp%2Fv2%2Fcomments&post=91974"}],"version-history":[{"count":0,"href":"https:\/\/diariodominicano.com\/index.php?rest_route=\/wp\/v2\/posts\/91974\/revisions"}],"wp:attachment":[{"href":"https:\/\/diariodominicano.com\/index.php?rest_route=%2Fwp%2Fv2%2Fmedia&parent=91974"}],"wp:term":[{"taxonomy":"category","embeddable":true,"href":"https:\/\/diariodominicano.com\/index.php?rest_route=%2Fwp%2Fv2%2Fcategories&post=91974"},{"taxonomy":"post_tag","embeddable":true,"href":"https:\/\/diariodominicano.com\/index.php?rest_route=%2Fwp%2Fv2%2Ftags&post=91974"}],"curies":[{"name":"wp","href":"https:\/\/api.w.org\/{rel}","templated":true}]}}