{"id":91973,"date":"2009-02-06T22:12:48","date_gmt":"2009-02-06T22:12:48","guid":{"rendered":"http:\/\/diariodominicano.ddns.net\/?p=91973"},"modified":"2009-02-06T22:12:48","modified_gmt":"2009-02-06T22:12:48","slug":"nicauly-de-la-mota-dispuesta-a-ocupar-lugar-de-milagros-german-en-premios-casandra","status":"publish","type":"post","link":"https:\/\/diariodominicano.com\/?p=91973","title":{"rendered":"Nic\u00e1uly de la Mota dispuesta a ocupar lugar de Milagros Germ\u00e1n en premios Casandra"},"content":{"rendered":"<p><body><\/p>\n<p align=\"justify\" class=\"titulogrande1\">Nic\u00e1uly de la Mota dispuesta a ocupar lugar  de Milagros Germ\u00e1n en premios Casandra<\/p>\n<p>&#13;<\/p>\n<p align=\"justify\" class=\"text1noticias\">SANTO DOMINGO, 6 DE FEBRERO 2009.-Nic\u00e1uly de la Mota declar\u00f3 este viernes en  la tarde estar dispuesta el lugar dejado por Milagros Germ\u00e1n en la conducci\u00f3n  de los premios Casandra, siempre que su participaci\u00f3n vaya en beneficio de ese  galard\u00f3n.<\/p>\n<p>&#13;<\/p>\n<p align=\"justify\" class=\"text1noticias\">\u201cA Marivell y a Aidita que me llamen\u201d respondi\u00f3 Nic\u00e1uly  cuando el entrevistador le pregunt\u00f3 si estaba dispuesta a ocupar dejado por  Germ\u00e1n, quien renunci\u00f3 a conducir el ceremonial de los premios Casandra de este  a\u00f1o.<\/p>\n<p>&#13;<\/p>\n<p align=\"justify\" class=\"text1noticias\">Entrevista en el programa \u00a1Esta es la Noticias! Con Jos\u00e9 Tejada  G\u00f3mez, que se difunde por Santo Domingo TV, Nic\u00e1uly se puso a disposici\u00f3n de  Marivell Contreras y Aidita Selman para cumplir el rol de presentadora del  preciado galard\u00f3n.<\/p>\n<p>&#13;<\/p>\n<p align=\"justify\" class=\"text1noticias\">Los premios Casandra son entregados anualmente por la Asociaci\u00f3n de Cronistas  de Arte (Acroarte) y la Cervecer\u00eda Nacional  Dominicana. El XXV ceremonial correspondiente a los artistas mas destacados del  2008 ser\u00e1 entregados el 24 de marzo en el Teatro Nacional.<\/p>\n<p>&#13;<\/p>\n<p align=\"justify\" class=\"text1noticias\">Germ\u00e1n renunci\u00f3 disgustada por las cr\u00edticas que en su contra  profiriera el ex presidente de Acroarte, Feliz Vinicio Lora, debido a que esta  siendo escogida para conducir la premiaci\u00f3n lanz\u00f3 cr\u00edticas a las nominaciones  en su espacio que se difunde por Telesistema.<\/p>\n<p>&#13;<\/p>\n<p align=\"justify\" class=\"text1noticias\">\u201cPara mi ser\u00eda un alto honor conducir esa prestigiosa  premiaci\u00f3n manifest\u00f3 la productora y conductora del programa Arriba y Adelante  que se transmite los s\u00e1bado por Telesistema, canal 11.<\/p>\n<p>&#13;<\/p>\n<p align=\"justify\" class=\"text1noticias\">Entrevistada por Jos\u00e9 Tejada G\u00f3mez, Nic\u00e1uly dijo estar  satisfecha porque su espacio fue nominado en la categor\u00eda de programa Semanal  de Variedades. Para ella es m\u00e1s significativo que hayan incluido el espacio a  que la hubiesen puesto en la categor\u00eda de Animadora y\/o presentadora de  televisi\u00f3n.<\/p>\n<p>&#13;<\/p>\n<p align=\"justify\" class=\"text1noticias\">Durante la conversaci\u00f3n con Tejada G\u00f3mez, dijo haber  recibido una gran lecci\u00f3n al incursionar en el canto y entiende que ese  proyecto no prosper\u00f3 porque la gente esperaba mucho m\u00e1s de lo que ella pod\u00eda  dar. Record\u00f3 que perdi\u00f3 m\u00e1s de dos millones de pesos en esa iniciativa y que  hasta algunos bienes tuvo que vender para pagar la deuda.<\/p>\n<p>&#13;<\/p>\n<p align=\"justify\" class=\"text1noticias\">De la Mota  reconoci\u00f3 que debido a las m\u00faltiples actividades a que se dedic\u00f3 lleg\u00f3 un  momento en no ten\u00eda le mejor imagen en determinados segmentos de la poblaci\u00f3n,  tras pasar por espacios como El Show del Mediod\u00eda, Perdone la Hora y otros.<\/p>\n<p>&#13;<\/p>\n<p align=\"justify\" class=\"text1noticias\">Ahora, Nic\u00e1uly est\u00e1 concentrada en su programa Arriba y  adelante que es un proyecto propio, donde ha logrado consolidarse y espera  establecerse como una figura estelar en la producci\u00f3n y la conducci\u00f3n de su espacio. <\/p>\n<p>&#13;<\/p>\n<p align=\"justify\" class=\"text1noticias\">\u201cLa imagen negativa que primaba en esos segmentos de la  poblaci\u00f3n ha comenzado a cambiar\u201d, expres\u00f3 Nic\u00e1uly.<\/p>\n<p>&#13;<\/p>\n<h6> 2009-02-06 22:12:48 <\/h6>\n<p><!--\n<link rel=\"stylesheet\" href=\"css\/bootstrap.min.css\">\n\n\n<ul class=\"pagination\">\n\t    \n\t\n\n<li >\n\t<a href='?page_no=20594'>Previous<\/a>\n\t<\/li>\n\n\n       \n    \n\n<li><a href='?page_no=1'>1<\/a><\/li>\n\n\n\n<li><a href='?page_no=2'>2<\/a><\/li>\n\n\n\n<li><a>...<\/a><\/li>\n\n\n\n<li><a href='?page_no=20593'>20593<\/a><\/li>\n\n\n\n<li><a href='?page_no=20594'>20594<\/a><\/li>\n\n\n\n<li class='active'><a>20595<\/a><\/li>\n\n\n\n<li><a href='?page_no=20596'>20596<\/a><\/li>\n\n\n\n<li><a href='?page_no=20597'>20597<\/a><\/li>\n\n\n\n<li><a>...<\/a><\/li>\n\n\n\n<li><a href='?page_no=22522'>22522<\/a><\/li>\n\n\n\n<li><a href='?page_no=22523'>22523<\/a><\/li>\n\n    \n\t\n\n<li >\n\t<a href='?page_no=20596'>Next<\/a>\n\t<\/li>\n\n\n    \n\n<li><a href='?page_no=22523'>Last &rsaquo;&rsaquo;<\/a><\/li>\n\n<\/ul>\n\n\n--><br \/>\n<\/body><\/p>\n","protected":false},"excerpt":{"rendered":"<p>Nic\u00e1uly de la Mota dispuesta a ocupar lugar de Milagros Germ\u00e1n en premios Casandra &#13; SANTO DOMINGO, 6 DE FEBRERO 2009.-Nic\u00e1uly de la Mota declar\u00f3 este viernes en la tarde estar dispuesta el lugar dejado por Milagros Germ\u00e1n en la conducci\u00f3n de los premios Casandra, siempre que su participaci\u00f3n vaya en beneficio de ese galard\u00f3n. [&hellip;]<\/p>\n","protected":false},"author":3,"featured_media":0,"comment_status":"open","ping_status":"open","sticky":false,"template":"","format":"standard","meta":{"footnotes":""},"categories":[25],"tags":[],"class_list":["post-91973","post","type-post","status-publish","format-standard","hentry","category-gente"],"_links":{"self":[{"href":"https:\/\/diariodominicano.com\/index.php?rest_route=\/wp\/v2\/posts\/91973","targetHints":{"allow":["GET"]}}],"collection":[{"href":"https:\/\/diariodominicano.com\/index.php?rest_route=\/wp\/v2\/posts"}],"about":[{"href":"https:\/\/diariodominicano.com\/index.php?rest_route=\/wp\/v2\/types\/post"}],"author":[{"embeddable":true,"href":"https:\/\/diariodominicano.com\/index.php?rest_route=\/wp\/v2\/users\/3"}],"replies":[{"embeddable":true,"href":"https:\/\/diariodominicano.com\/index.php?rest_route=%2Fwp%2Fv2%2Fcomments&post=91973"}],"version-history":[{"count":0,"href":"https:\/\/diariodominicano.com\/index.php?rest_route=\/wp\/v2\/posts\/91973\/revisions"}],"wp:attachment":[{"href":"https:\/\/diariodominicano.com\/index.php?rest_route=%2Fwp%2Fv2%2Fmedia&parent=91973"}],"wp:term":[{"taxonomy":"category","embeddable":true,"href":"https:\/\/diariodominicano.com\/index.php?rest_route=%2Fwp%2Fv2%2Fcategories&post=91973"},{"taxonomy":"post_tag","embeddable":true,"href":"https:\/\/diariodominicano.com\/index.php?rest_route=%2Fwp%2Fv2%2Ftags&post=91973"}],"curies":[{"name":"wp","href":"https:\/\/api.w.org\/{rel}","templated":true}]}}