{"id":91972,"date":"2009-02-09T14:05:06","date_gmt":"2009-02-09T14:05:06","guid":{"rendered":"http:\/\/diariodominicano.ddns.net\/?p=91972"},"modified":"2009-02-09T14:05:06","modified_gmt":"2009-02-09T14:05:06","slug":"faro-de-opinion-ahora-va-por-el-canal-12-de-telecable-dominicano-exito-vision-y-super-cable","status":"publish","type":"post","link":"https:\/\/diariodominicano.com\/?p=91972","title":{"rendered":"Faro de Opini\u00f3n ahora va por el Canal 12 de Telecable Dominicano, Exito Visi\u00f3n y S\u00faper Cable"},"content":{"rendered":"<p><body><\/p>\n<h2 align=\"justify\" class=\"titulogrande1\">Faro de Opini\u00f3n ahora va por el Canal 12 de  Telecable Dominicano, Exito Visi\u00f3n y S\u00faper Cable <\/h2>\n<p>&#13;<\/p>\n<p align=\"justify\" class=\"text1noticias\">Jueves, 05 de Febrero de 2009  13:19 Ciudadoriental.com <br \/>&#13;<br \/>\n    <a href=\"http:\/\/ciudadoriental.com\/index.php?view=article&amp;catid=71%3Atv-y-radio&amp;id=1399%3Afaro-de-opinion-ahora-va-por-el-canal-12-de-telecable-exito-vision-y-super-cable&amp;tmpl=component&amp;print=1&amp;page=&amp;option=com_content&amp;Itemid=111\" target=\"_blank\" rel=\"noopener noreferrer\"><br \/>&#13;<br \/>\n    <\/a><br \/>&#13;<br \/>\n    <img loading=\"lazy\" decoding=\"async\" src=\"http:\/\/localhost:8080\/gente\/img\/opinoz.jpg\" width=\"375\" height=\"268\" hspace=\"4\" align=\"left\" \/>Faro de Opini\u00f3n, \u00abla luz que te gu\u00eda  hacia la verdad\u00bb se transmite ahora por el canal 12 de Telecable  Dominicano, \u00c9xito Vision Cable y Super Cable en el horario de 6:00 a 7:00 de la  noche. <br \/>&#13;<br \/>\n  <br \/>&#13;<br \/>\n  Con una mejor se\u00f1al, un nuevo horario y mayor  cobertura, Faro de Opini\u00f3n contin\u00faa llevando un contenido diverso dise\u00f1ado para  abarcar \u00e1reas importantes del inter\u00e9s humano, aportando soluciones, y creando  una plaza que sirve como foro de discusi\u00f3n de nuestra realidad cotidiana.<br \/>&#13;<br \/>\n  <br \/>&#13;<br \/>\n  En FARO DE OPINI\u00d3N se producen comentarios de  actualidad, entrevistas y reportajes, enfocados en promover los mejores valores  para nuestra sociedad, desde las posibilidades pol\u00edticas, econ\u00f3micas, sociales,  religiosas, art\u00edsticas, culturales y educativas, basado en valores cristianos,  morales y \u00e9ticos, (sin censura) lo que nos mantiene como el programa numero uno  del horario vespertino en la provincia de Santo Domingo.<br \/>&#13;<br \/>\n  <br \/>&#13;<br \/>\n  <strong>FARO DE OPINI\u00d3N<\/strong> se realiza y produce bajo la direcci\u00f3n y  conducci\u00f3n del licenciado EDWIN DE LA CRUZ.<\/p>\n<p>&#13;<\/p>\n<h6> 2009-02-09 14:05:06 <\/h6>\n<p><!--\n<link rel=\"stylesheet\" href=\"css\/bootstrap.min.css\">\n\n\n<ul class=\"pagination\">\n\t    \n\t\n\n<li >\n\t<a href='?page_no=20593'>Previous<\/a>\n\t<\/li>\n\n\n       \n    \n\n<li><a href='?page_no=1'>1<\/a><\/li>\n\n\n\n<li><a href='?page_no=2'>2<\/a><\/li>\n\n\n\n<li><a>...<\/a><\/li>\n\n\n\n<li><a href='?page_no=20592'>20592<\/a><\/li>\n\n\n\n<li><a href='?page_no=20593'>20593<\/a><\/li>\n\n\n\n<li class='active'><a>20594<\/a><\/li>\n\n\n\n<li><a href='?page_no=20595'>20595<\/a><\/li>\n\n\n\n<li><a href='?page_no=20596'>20596<\/a><\/li>\n\n\n\n<li><a>...<\/a><\/li>\n\n\n\n<li><a href='?page_no=22522'>22522<\/a><\/li>\n\n\n\n<li><a href='?page_no=22523'>22523<\/a><\/li>\n\n    \n\t\n\n<li >\n\t<a href='?page_no=20595'>Next<\/a>\n\t<\/li>\n\n\n    \n\n<li><a href='?page_no=22523'>Last &rsaquo;&rsaquo;<\/a><\/li>\n\n<\/ul>\n\n\n--><br \/>\n<\/body><\/p>\n","protected":false},"excerpt":{"rendered":"<p>Faro de Opini\u00f3n ahora va por el Canal 12 de Telecable Dominicano, Exito Visi\u00f3n y S\u00faper Cable &#13; Jueves, 05 de Febrero de 2009 13:19 Ciudadoriental.com &#13; &#13; &#13; Faro de Opini\u00f3n, \u00abla luz que te gu\u00eda hacia la verdad\u00bb se transmite ahora por el canal 12 de Telecable Dominicano, \u00c9xito Vision Cable y Super [&hellip;]<\/p>\n","protected":false},"author":3,"featured_media":0,"comment_status":"open","ping_status":"open","sticky":false,"template":"","format":"standard","meta":{"footnotes":""},"categories":[25],"tags":[],"class_list":["post-91972","post","type-post","status-publish","format-standard","hentry","category-gente"],"_links":{"self":[{"href":"https:\/\/diariodominicano.com\/index.php?rest_route=\/wp\/v2\/posts\/91972","targetHints":{"allow":["GET"]}}],"collection":[{"href":"https:\/\/diariodominicano.com\/index.php?rest_route=\/wp\/v2\/posts"}],"about":[{"href":"https:\/\/diariodominicano.com\/index.php?rest_route=\/wp\/v2\/types\/post"}],"author":[{"embeddable":true,"href":"https:\/\/diariodominicano.com\/index.php?rest_route=\/wp\/v2\/users\/3"}],"replies":[{"embeddable":true,"href":"https:\/\/diariodominicano.com\/index.php?rest_route=%2Fwp%2Fv2%2Fcomments&post=91972"}],"version-history":[{"count":0,"href":"https:\/\/diariodominicano.com\/index.php?rest_route=\/wp\/v2\/posts\/91972\/revisions"}],"wp:attachment":[{"href":"https:\/\/diariodominicano.com\/index.php?rest_route=%2Fwp%2Fv2%2Fmedia&parent=91972"}],"wp:term":[{"taxonomy":"category","embeddable":true,"href":"https:\/\/diariodominicano.com\/index.php?rest_route=%2Fwp%2Fv2%2Fcategories&post=91972"},{"taxonomy":"post_tag","embeddable":true,"href":"https:\/\/diariodominicano.com\/index.php?rest_route=%2Fwp%2Fv2%2Ftags&post=91972"}],"curies":[{"name":"wp","href":"https:\/\/api.w.org\/{rel}","templated":true}]}}