{"id":91969,"date":"2009-02-10T16:00:50","date_gmt":"2009-02-10T16:00:50","guid":{"rendered":"http:\/\/diariodominicano.ddns.net\/?p=91969"},"modified":"2009-02-10T16:00:50","modified_gmt":"2009-02-10T16:00:50","slug":"juan-luis-guerra-en-la-portada-de-dparranda-mag","status":"publish","type":"post","link":"https:\/\/diariodominicano.com\/?p=91969","title":{"rendered":"Juan Luis Guerra en la portada de dParranda Mag"},"content":{"rendered":"<p><body><\/p>\n<p class=\"titulogrande1\"><strong>Juan Luis Guerra en la portada de dParranda Mag<\/strong><\/p>\n<p>&#13;<\/p>\n<p align=\"justify\" class=\"text1noticias\"><img loading=\"lazy\" decoding=\"async\" src=\"http:\/\/localhost:8080\/gente\/img\/juanjo.jpg\" width=\"375\" height=\"249\" hspace=\"4\" align=\"left\" \/>El cantautor y m\u00fasico, l\u00edder de 4:40, Juan Luis Guerra ha sido elegido como  el primer parrandero del a\u00f1o por la revista dParranda, la cual est\u00e1 en  circulaci\u00f3n en las calles del pa\u00eds desde esta semana.<br \/>&#13;<br \/>\n  <br \/>&#13;<br \/>\n  Juan Luis cuenta, a trav\u00e9s de una entrevista hecha por el  joven equipo que forma dParranda mag, c\u00f3mo es su vida fuera de los escenarios,  los momentos de diversi\u00f3n con sus amigos y c\u00f3mo fueron las parrandas en su  juventud, adem\u00e1s, el artista habl\u00f3 un poco sobre su pr\u00f3ximo concierto, el cual  ser\u00e1 realizado este jueves 14 y que se realiza como parte de su gira \u00abLa  Traves\u00eda\u00bb.<br \/>&#13;<br \/>\n  <br \/>&#13;<br \/>\n  H\u00e9ctor Romero, director general de dParranda, inform\u00f3 que  la revista ya est\u00e1 en las calle desde el lunes 9 de Febrero, y que fue escogido  Juan Luis como portada, siendo la entrevista principal, por sus aportes al arte  nacional e influencias entre los j\u00f3venes dominicanos.<\/p>\n<p>&#13;<\/p>\n<p align=\"justify\" class=\"text1noticias\">Dparranda Mag es el nuevo producto para los jovenes  dominicanos de dParranda Group, siendo la parte impresa de la ya posicionada  p\u00e1gina de internet dParranda.net, que desde hace mas de tres a\u00f1os ha sido un  lugar de informaci\u00f3n y entretenimiento para miles de j\u00f3venes de diferentes  rincones del pa\u00eds, as\u00ed inform\u00f3 Romero, adem\u00e1s, esta nueva publicaci\u00f3n, ser\u00e1 una  gu\u00eda de ocios donde todos aquel que la lea podr\u00e1 informarse de las diferentes  actividades que ocurrir\u00e1n en los pr\u00f3ximos dos meses, luego de su publicaci\u00f3n.<br \/>&#13;<br \/>\n  <br \/>&#13;<br \/>\n  Adem\u00e1s de Juan Luis, el volumen n\u00famero uno de dParrandaMag,  tendr\u00e1 una entrevista con Bol\u00edvar Soto e Iamdra Ferm\u00edn, grandes amigos que  decidieron contar sobre su amistad y que gracias a sus trabajos se conocieron  hace m\u00e1s de cinco a\u00f1os.<br \/>&#13;<br \/>\n  <br \/>&#13;<br \/>\n  La revista podr\u00e1 ser adquirida gratuitamente en diferentes  establecimientos del pa\u00eds, como bares, restaurantes, caf\u00e9, tiendas, universidades  y discotecas.<br \/>&#13;\n<\/p>\n<p>&#13;<\/p>\n<h6> 2009-02-10 16:00:50 <\/h6>\n<p><!--\n<link rel=\"stylesheet\" href=\"css\/bootstrap.min.css\">\n\n\n<ul class=\"pagination\">\n\t    \n\t\n\n<li >\n\t<a href='?page_no=20590'>Previous<\/a>\n\t<\/li>\n\n\n       \n    \n\n<li><a href='?page_no=1'>1<\/a><\/li>\n\n\n\n<li><a href='?page_no=2'>2<\/a><\/li>\n\n\n\n<li><a>...<\/a><\/li>\n\n\n\n<li><a href='?page_no=20589'>20589<\/a><\/li>\n\n\n\n<li><a href='?page_no=20590'>20590<\/a><\/li>\n\n\n\n<li class='active'><a>20591<\/a><\/li>\n\n\n\n<li><a href='?page_no=20592'>20592<\/a><\/li>\n\n\n\n<li><a href='?page_no=20593'>20593<\/a><\/li>\n\n\n\n<li><a>...<\/a><\/li>\n\n\n\n<li><a href='?page_no=22522'>22522<\/a><\/li>\n\n\n\n<li><a href='?page_no=22523'>22523<\/a><\/li>\n\n    \n\t\n\n<li >\n\t<a href='?page_no=20592'>Next<\/a>\n\t<\/li>\n\n\n    \n\n<li><a href='?page_no=22523'>Last &rsaquo;&rsaquo;<\/a><\/li>\n\n<\/ul>\n\n\n--><br \/>\n<\/body><\/p>\n","protected":false},"excerpt":{"rendered":"<p>Juan Luis Guerra en la portada de dParranda Mag &#13; El cantautor y m\u00fasico, l\u00edder de 4:40, Juan Luis Guerra ha sido elegido como el primer parrandero del a\u00f1o por la revista dParranda, la cual est\u00e1 en circulaci\u00f3n en las calles del pa\u00eds desde esta semana.&#13; &#13; Juan Luis cuenta, a trav\u00e9s de una entrevista [&hellip;]<\/p>\n","protected":false},"author":3,"featured_media":0,"comment_status":"open","ping_status":"open","sticky":false,"template":"","format":"standard","meta":{"footnotes":""},"categories":[25],"tags":[],"class_list":["post-91969","post","type-post","status-publish","format-standard","hentry","category-gente"],"_links":{"self":[{"href":"https:\/\/diariodominicano.com\/index.php?rest_route=\/wp\/v2\/posts\/91969","targetHints":{"allow":["GET"]}}],"collection":[{"href":"https:\/\/diariodominicano.com\/index.php?rest_route=\/wp\/v2\/posts"}],"about":[{"href":"https:\/\/diariodominicano.com\/index.php?rest_route=\/wp\/v2\/types\/post"}],"author":[{"embeddable":true,"href":"https:\/\/diariodominicano.com\/index.php?rest_route=\/wp\/v2\/users\/3"}],"replies":[{"embeddable":true,"href":"https:\/\/diariodominicano.com\/index.php?rest_route=%2Fwp%2Fv2%2Fcomments&post=91969"}],"version-history":[{"count":0,"href":"https:\/\/diariodominicano.com\/index.php?rest_route=\/wp\/v2\/posts\/91969\/revisions"}],"wp:attachment":[{"href":"https:\/\/diariodominicano.com\/index.php?rest_route=%2Fwp%2Fv2%2Fmedia&parent=91969"}],"wp:term":[{"taxonomy":"category","embeddable":true,"href":"https:\/\/diariodominicano.com\/index.php?rest_route=%2Fwp%2Fv2%2Fcategories&post=91969"},{"taxonomy":"post_tag","embeddable":true,"href":"https:\/\/diariodominicano.com\/index.php?rest_route=%2Fwp%2Fv2%2Ftags&post=91969"}],"curies":[{"name":"wp","href":"https:\/\/api.w.org\/{rel}","templated":true}]}}