{"id":91967,"date":"2009-02-10T16:04:28","date_gmt":"2009-02-10T16:04:28","guid":{"rendered":"http:\/\/diariodominicano.ddns.net\/?p=91967"},"modified":"2009-02-10T16:04:28","modified_gmt":"2009-02-10T16:04:28","slug":"acroarte-dice-no-tiene-nada-que-opinar-sobre-comunicado-de-adempetel","status":"publish","type":"post","link":"https:\/\/diariodominicano.com\/?p=91967","title":{"rendered":"Acroarte dice no tiene nada que opinar sobre comunicado de Adempetel"},"content":{"rendered":"<p><body><\/p>\n<p align=\"justify\"><span class=\"titulogrande1\">Acroarte dice no tiene nada que opinar  sobre comunicado de Adempetel<\/span><br \/>&#13;<br \/>\n  <br \/>&#13;<br \/>\n    <span class=\"text1noticias\">SANTO DOMINGO, 10 DE FEBRERO 2009.-La  Asociaci\u00f3n de Cronistas de Arte (Acroarte) inform\u00f3 que no tiene nada que  comentar ni opinar respecto al comunicado emitido el lunes por la Asociaci\u00f3n de  Empresarios y Productores de Televisi\u00f3n (Adempretel) en el que se solidarizan  con Milagros Germ\u00e1n y Jochy Santos.<br \/>&#13;<br \/>\n    <br \/>&#13;<br \/>\n    Ambos hab\u00edan sido contratados para conducir  los premios Casandra el 24 de marzo, pero renunciaron molestos por cr\u00edticas que  hiciera el periodista Feliz Vinicio Lora en su espacio de televisi\u00f3n Lleg\u00f3 la  Hora.<br \/>&#13;<br \/>\n    <br \/>&#13;<br \/>\n\u201cEn relaci\u00f3n al comunicado emitido en la  noche de este lunes por Ademprotel, la Asociaci\u00f3n de Cronistas de Arte, no  tiene nada que comentar ni opinar, en raz\u00f3n de que nuestra entidad previamente  hizo todo lo que deb\u00eda hacer respecto al conflicto tratado en el referido  documento de los productores de televisi\u00f3n\u201d, expresa el comunicado.<br \/>&#13;<br \/>\n<br \/>&#13;<br \/>\nLa entidad se refiere al comunicado emitido  en el cual se distanci\u00f3 de lo dicho por Lora en su espacio en la que criticaba  que siendo ambos los conductores de la premiaci\u00f3n permitieran cr\u00edticas en sus  programas de televisi\u00f3n contra las nominaciones a los premios Casandra. <br \/>&#13;<br \/>\n<br \/>&#13;<br \/>\n\u00a0\u201cEn  tal sentido, Acroarte remite a los interesados al comunicado institucional que  hici\u00e9ramos p\u00fablico en el que nos declar\u00e1bamos respetuosos y defensores de la  libertad de expresi\u00f3n, muy especialmente en el ejercicio del periodismo\u201d  expresa.<br \/>&#13;<br \/>\n<br \/>&#13;<br \/>\nLuego del comunicado de Acroarte, Lora se  disculpo de Germ\u00e1n y pese ese gesto ella ha mantenido su renuencia a asumir la  conducci\u00f3n de los premios Casandra. <br \/>&#13;<br \/>\n<br \/>&#13;<br \/>\nLa entidad dice en una nota de tres  p\u00e1rrafos \u201cque ahora\u00a0 espera que los  artistas dominicanos se unan al esfuerzo que realizamos junto a nuestros  patrocinadores para que sea exitosa la XXV Entrega de los Premios Casandra el  pr\u00f3ximo 24 de marzo\u201d.<br \/>&#13;<br \/>\n<br \/>&#13;<br \/>\nLos premios Casandra celebran este ano su  XXV aniversario para lo cual se ha previsto una\u00a0  producci\u00f3n especial a efectuarse en el Teatro Nacional Eduardo Brito.<\/span><\/p>\n<p>&#13;<\/p>\n<h6> 2009-02-10 16:04:28 <\/h6>\n<p><!--\n<link rel=\"stylesheet\" href=\"css\/bootstrap.min.css\">\n\n\n<ul class=\"pagination\">\n\t    \n\t\n\n<li >\n\t<a href='?page_no=20588'>Previous<\/a>\n\t<\/li>\n\n\n       \n    \n\n<li><a href='?page_no=1'>1<\/a><\/li>\n\n\n\n<li><a href='?page_no=2'>2<\/a><\/li>\n\n\n\n<li><a>...<\/a><\/li>\n\n\n\n<li><a href='?page_no=20587'>20587<\/a><\/li>\n\n\n\n<li><a href='?page_no=20588'>20588<\/a><\/li>\n\n\n\n<li class='active'><a>20589<\/a><\/li>\n\n\n\n<li><a href='?page_no=20590'>20590<\/a><\/li>\n\n\n\n<li><a href='?page_no=20591'>20591<\/a><\/li>\n\n\n\n<li><a>...<\/a><\/li>\n\n\n\n<li><a href='?page_no=22522'>22522<\/a><\/li>\n\n\n\n<li><a href='?page_no=22523'>22523<\/a><\/li>\n\n    \n\t\n\n<li >\n\t<a href='?page_no=20590'>Next<\/a>\n\t<\/li>\n\n\n    \n\n<li><a href='?page_no=22523'>Last &rsaquo;&rsaquo;<\/a><\/li>\n\n<\/ul>\n\n\n--><br \/>\n<\/body><\/p>\n","protected":false},"excerpt":{"rendered":"<p>Acroarte dice no tiene nada que opinar sobre comunicado de Adempetel&#13; &#13; SANTO DOMINGO, 10 DE FEBRERO 2009.-La Asociaci\u00f3n de Cronistas de Arte (Acroarte) inform\u00f3 que no tiene nada que comentar ni opinar respecto al comunicado emitido el lunes por la Asociaci\u00f3n de Empresarios y Productores de Televisi\u00f3n (Adempretel) en el que se solidarizan con [&hellip;]<\/p>\n","protected":false},"author":3,"featured_media":0,"comment_status":"open","ping_status":"open","sticky":false,"template":"","format":"standard","meta":{"footnotes":""},"categories":[25],"tags":[],"class_list":["post-91967","post","type-post","status-publish","format-standard","hentry","category-gente"],"_links":{"self":[{"href":"https:\/\/diariodominicano.com\/index.php?rest_route=\/wp\/v2\/posts\/91967","targetHints":{"allow":["GET"]}}],"collection":[{"href":"https:\/\/diariodominicano.com\/index.php?rest_route=\/wp\/v2\/posts"}],"about":[{"href":"https:\/\/diariodominicano.com\/index.php?rest_route=\/wp\/v2\/types\/post"}],"author":[{"embeddable":true,"href":"https:\/\/diariodominicano.com\/index.php?rest_route=\/wp\/v2\/users\/3"}],"replies":[{"embeddable":true,"href":"https:\/\/diariodominicano.com\/index.php?rest_route=%2Fwp%2Fv2%2Fcomments&post=91967"}],"version-history":[{"count":0,"href":"https:\/\/diariodominicano.com\/index.php?rest_route=\/wp\/v2\/posts\/91967\/revisions"}],"wp:attachment":[{"href":"https:\/\/diariodominicano.com\/index.php?rest_route=%2Fwp%2Fv2%2Fmedia&parent=91967"}],"wp:term":[{"taxonomy":"category","embeddable":true,"href":"https:\/\/diariodominicano.com\/index.php?rest_route=%2Fwp%2Fv2%2Fcategories&post=91967"},{"taxonomy":"post_tag","embeddable":true,"href":"https:\/\/diariodominicano.com\/index.php?rest_route=%2Fwp%2Fv2%2Ftags&post=91967"}],"curies":[{"name":"wp","href":"https:\/\/api.w.org\/{rel}","templated":true}]}}