{"id":91964,"date":"2009-02-10T22:12:19","date_gmt":"2009-02-10T22:12:19","guid":{"rendered":"http:\/\/diariodominicano.ddns.net\/?p=91964"},"modified":"2009-02-10T22:12:19","modified_gmt":"2009-02-10T22:12:19","slug":"fallece-orlando-cachaito-lopez-integrante-del-buena-vista-social-club","status":"publish","type":"post","link":"https:\/\/diariodominicano.com\/?p=91964","title":{"rendered":"Fallece Orlando Cacha\u00edto L\u00f3pez, integrante del Buena Vista Social Club"},"content":{"rendered":"<p><body><\/p>\n<p align=\"justify\"><strong class=\"titulogrande1\">Fallece Orlando <em>Cacha\u00edto<\/em> L\u00f3pez, integrante del Buena Vista Social Club<\/strong><br \/>&#13;<br \/>\n  <br \/>&#13;<br \/>\n    <span class=\"text1noticias\">La  Habana.-El contrabajista cubano Orlando <em>Cacha\u00edto<\/em> L\u00f3pez, integrante del  Buena Vista Social Club, ha fallecido\u00a0 en  La Habana a los 76 a\u00f1os de edad tras sufrir complicaciones despu\u00e9s de dos  operaciones seguidas de hernia y pr\u00f3stata. El funeral a\u00fan no tiene fecha porque  la familia espera la llegada de sus hijas, que viven en Barcelona y est\u00e1n  haciendo los tr\u00e1mites para viajar a La Habana.<br \/>&#13;<br \/>\n    <br \/>&#13;<br \/>\n\u00abPara  el grupo es una p\u00e9rdida irreparable. Fue un gran m\u00fasico, un gran compa\u00f1ero, es  una desaparici\u00f3n muy sentida\u00bb, ha declarado uno de sus compa\u00f1eros del  Buena Vista Social Club, el trompetista Luis Manuel <em>Guajiro<\/em> Mirabal.<br \/>&#13;<br \/>\n<br \/>&#13;<br \/>\nNacido  en La Habana el 2 de febrero de 1933, L\u00f3pez creci\u00f3 en el seno de una familia de  m\u00fasicos: su padre, Orestes L\u00f3pez, y su t\u00edo Israel <em>Chachao<\/em> L\u00f3pez se  destacaron tambi\u00e9n como contrabajistas, compositores e instrumentistas.<br \/>&#13;<br \/>\n<br \/>&#13;<br \/>\nOrlando  estudi\u00f3 con su padre, integr\u00f3 la orquesta de Arca\u00f1o y sus Maravillas, fue  miembro de la banda de jazz Riverside en 1954 y en 1960 form\u00f3 parte de la  Orquesta Sinf\u00f3nica Nacional. En 1966 toc\u00f3 con la Orquesta Cubana de M\u00fasica  Moderna y en 1996 fue elegido para el Buena Vista Social Club con otros  relevantes int\u00e9rpretes, varios ya fallecidos, como el cantante Ibrahim Ferrer,  el trovador Compay Segundo, el cantante P\u00edo Leyva y el pianista Rub\u00e9n Gonz\u00e1lez.<br \/>&#13;<br \/>\n<br \/>&#13;<br \/>\nCreado  en 1996, el Buena Vista Social Club se hizo mundialmente famoso gracias a la  pel\u00edcula documental del cineasta alem\u00e1n Win Wenders en 1997.<\/span><\/p>\n<p>&#13;<\/p>\n<h6> 2009-02-10 22:12:19 <\/h6>\n<p><!--\n<link rel=\"stylesheet\" href=\"css\/bootstrap.min.css\">\n\n\n<ul class=\"pagination\">\n\t    \n\t\n\n<li >\n\t<a href='?page_no=20585'>Previous<\/a>\n\t<\/li>\n\n\n       \n    \n\n<li><a href='?page_no=1'>1<\/a><\/li>\n\n\n\n<li><a href='?page_no=2'>2<\/a><\/li>\n\n\n\n<li><a>...<\/a><\/li>\n\n\n\n<li><a href='?page_no=20584'>20584<\/a><\/li>\n\n\n\n<li><a href='?page_no=20585'>20585<\/a><\/li>\n\n\n\n<li class='active'><a>20586<\/a><\/li>\n\n\n\n<li><a href='?page_no=20587'>20587<\/a><\/li>\n\n\n\n<li><a href='?page_no=20588'>20588<\/a><\/li>\n\n\n\n<li><a>...<\/a><\/li>\n\n\n\n<li><a href='?page_no=22522'>22522<\/a><\/li>\n\n\n\n<li><a href='?page_no=22523'>22523<\/a><\/li>\n\n    \n\t\n\n<li >\n\t<a href='?page_no=20587'>Next<\/a>\n\t<\/li>\n\n\n    \n\n<li><a href='?page_no=22523'>Last &rsaquo;&rsaquo;<\/a><\/li>\n\n<\/ul>\n\n\n--><br \/>\n<\/body><\/p>\n","protected":false},"excerpt":{"rendered":"<p>Fallece Orlando Cacha\u00edto L\u00f3pez, integrante del Buena Vista Social Club&#13; &#13; La Habana.-El contrabajista cubano Orlando Cacha\u00edto L\u00f3pez, integrante del Buena Vista Social Club, ha fallecido\u00a0 en La Habana a los 76 a\u00f1os de edad tras sufrir complicaciones despu\u00e9s de dos operaciones seguidas de hernia y pr\u00f3stata. El funeral a\u00fan no tiene fecha porque la [&hellip;]<\/p>\n","protected":false},"author":3,"featured_media":0,"comment_status":"open","ping_status":"open","sticky":false,"template":"","format":"standard","meta":{"footnotes":""},"categories":[25],"tags":[],"class_list":["post-91964","post","type-post","status-publish","format-standard","hentry","category-gente"],"_links":{"self":[{"href":"https:\/\/diariodominicano.com\/index.php?rest_route=\/wp\/v2\/posts\/91964","targetHints":{"allow":["GET"]}}],"collection":[{"href":"https:\/\/diariodominicano.com\/index.php?rest_route=\/wp\/v2\/posts"}],"about":[{"href":"https:\/\/diariodominicano.com\/index.php?rest_route=\/wp\/v2\/types\/post"}],"author":[{"embeddable":true,"href":"https:\/\/diariodominicano.com\/index.php?rest_route=\/wp\/v2\/users\/3"}],"replies":[{"embeddable":true,"href":"https:\/\/diariodominicano.com\/index.php?rest_route=%2Fwp%2Fv2%2Fcomments&post=91964"}],"version-history":[{"count":0,"href":"https:\/\/diariodominicano.com\/index.php?rest_route=\/wp\/v2\/posts\/91964\/revisions"}],"wp:attachment":[{"href":"https:\/\/diariodominicano.com\/index.php?rest_route=%2Fwp%2Fv2%2Fmedia&parent=91964"}],"wp:term":[{"taxonomy":"category","embeddable":true,"href":"https:\/\/diariodominicano.com\/index.php?rest_route=%2Fwp%2Fv2%2Fcategories&post=91964"},{"taxonomy":"post_tag","embeddable":true,"href":"https:\/\/diariodominicano.com\/index.php?rest_route=%2Fwp%2Fv2%2Ftags&post=91964"}],"curies":[{"name":"wp","href":"https:\/\/api.w.org\/{rel}","templated":true}]}}