{"id":91963,"date":"2009-02-10T22:16:55","date_gmt":"2009-02-10T22:16:55","guid":{"rendered":"http:\/\/diariodominicano.ddns.net\/?p=91963"},"modified":"2009-02-10T22:16:55","modified_gmt":"2009-02-10T22:16:55","slug":"lorenzo-duarte-debuta-como-solista","status":"publish","type":"post","link":"https:\/\/diariodominicano.com\/?p=91963","title":{"rendered":"Lorenzo Duarte debuta como solista"},"content":{"rendered":"<p><body><\/p>\n<p class=\"titulogrande1\">Lorenzo Duarte  debuta como solista<\/p>\n<p>&#13;<\/p>\n<p align=\"justify\" class=\"text1noticias\"><img loading=\"lazy\" decoding=\"async\" src=\"http:\/\/localhost:8080\/gente\/img\/lorenzos.jpg\" width=\"185\" height=\"274\" hspace=\"4\" align=\"left\" \/>Miami, FL, 10 de  febrero del 2009.- <strong>Lorenzo Duarte<\/strong> cierra un cap\u00edtulo en su vida tras la  disoluci\u00f3n del exitoso grupo <strong>MDO<\/strong> e inmediatamente, pasa la p\u00e1gina  y\u00a0comienza a escribir su historia como solista.<br \/>&#13;<br \/>\n  <br \/>&#13;<br \/>\n  En cuatro a\u00f1os como  integrante de MDO -agrupaci\u00f3n dirigida por <strong>Edgardo D\u00edaz<\/strong>, tambi\u00e9n creador  del famoso grupo <strong>Menudo<\/strong>&#8211; Lorenzo supo explotar al m\u00e1ximo su talento. En  ese per\u00edodo, se dio a conocer a nivel internacional con las producciones  discogr\u00e1ficas \u00abOtra Vez\u00bb (2005) y \u00abSabe a Ti\u00bb (2008).\u00a0<br \/>&#13;<br \/>\n  <br \/>&#13;<br \/>\n  Lorenzo Duarte  acept\u00f3 el reto en el momento oportuno y en\u00a0la actualidad, el joven  cantautor, de origen venezolano, se encuentra\u00a0trabajando en\u00a0la  producci\u00f3n de lo que ser\u00e1 su  disco debut titulado \u00abEvoluci\u00f3n\u00bb,\u00a0producido por <strong>Ala\u00edn Maiki<\/strong> y\u00a0 el propio artista.<br \/>&#13;<br \/>\n  <br \/>&#13;<br \/>\n\u00abEste \u00e1lbum  marca mi crecimiento como artista desde mi etapa en MDO, hasta la  actualidad\u00bb, dice Lorenzo. \u00abSiento que el tiempo me ha hecho madurar  como m\u00fasico y como humano, y eso me hace m\u00e1s fuerte, m\u00e1s seguro de lo que puedo  expresar a trav\u00e9s de mi m\u00fasica\u00bb, agreg\u00f3 el joven cantante nacido en la  ciudad de Caracas.<br \/>&#13;<br \/>\n<br \/>&#13;<br \/>\nLorenzo no dud\u00f3 en  elegir Puerto Rico para la grabaci\u00f3n del v\u00eddeo de su primer sencillo \u00abTan  Lejos, Tan Cerca\u00bb, bajo la direcci\u00f3n del afamado director <strong>Adalberto  Mart\u00ednez<\/strong>. \u00abAqu\u00ed hay gente muy talentosa y un p\u00fablico incondicional que  siempre me ha apoyado\u00bb, coment\u00f3 el ex integrante de MDO.<br \/>&#13;<br \/>\n<br \/>&#13;<br \/>\n  El <em>video clip<\/em>,  que fue grabado en <em>high definition<\/em>, utiliza como locaci\u00f3n un viejo hotel  de la ciudad de San Juan, escenario donde se recrea la historia de una chica  -interpretada por la modelo <strong>Zulheily Andino-<\/strong>, que a pesar de tener su  pareja, vive aventuras y momentos de pasi\u00f3n con un enamorado, encarnado en este  caso por Lorenzo.<br \/>&#13;<br \/>\n  <br \/>&#13;<br \/>\n  Duarte ha realizado  varias actividades promocionales en las \u00faltimas semanas y recientemente fue  elegido como figura central para Centro y Suram\u00e9rica de la campa\u00f1a publicitaria  \u00abMonkey Talk\u00bb, de la empresa de comida r\u00e1pida Kentucky Fried Chicken  (KFC).<br \/>&#13;<br \/>\n  <br \/>&#13;<br \/>\n  Tambi\u00e9n fue de los  artistas internacionales invitados al Telet\u00f3n de Ecuador, y formar\u00e1 parte del  elenco de la pel\u00edcula \u00abEstoy harto de mi esposa\u00bb, a rodarse en Miami  con un elenco estelar.<\/p>\n<p>&#13;<\/p>\n<p align=\"justify\" class=\"text1noticias\">La m\u00fasica y\u00a0la  actuaci\u00f3n\u00a0son dos facetas del arte que Lorenzo Duarte conoce a la  perfecci\u00f3n y que dominan su existencia. Su \u00abEvoluci\u00f3n\u00bb va en serio  y\u00a0 los resultados se est\u00e1n viendo.<br \/>&#13;<br \/>\n  <br \/>&#13;<br \/>\n  <strong>Lorenzo Duarte<\/strong> sigue en constante \u00abEvoluci\u00f3n\u00bb y  ya en\u00a0el 2009 -que apenas comienza- va dejando huellas. \u00a0<br \/>&#13;<br \/>\n  En la actualidad  Lorenzo Duarte le da los toques finales a su trabajo discogr\u00e1fico \u00abEvoluci\u00f3n\u00bb,  para presentarlo a varias compa\u00f1\u00edas multinacionales sino ser\u00e1 lanzado de manera  independiente.<\/p>\n<p>&#13;<\/p>\n<h6> 2009-02-10 22:16:55 <\/h6>\n<p><!--\n<link rel=\"stylesheet\" href=\"css\/bootstrap.min.css\">\n\n\n<ul class=\"pagination\">\n\t    \n\t\n\n<li >\n\t<a href='?page_no=20584'>Previous<\/a>\n\t<\/li>\n\n\n       \n    \n\n<li><a href='?page_no=1'>1<\/a><\/li>\n\n\n\n<li><a href='?page_no=2'>2<\/a><\/li>\n\n\n\n<li><a>...<\/a><\/li>\n\n\n\n<li><a href='?page_no=20583'>20583<\/a><\/li>\n\n\n\n<li><a href='?page_no=20584'>20584<\/a><\/li>\n\n\n\n<li class='active'><a>20585<\/a><\/li>\n\n\n\n<li><a href='?page_no=20586'>20586<\/a><\/li>\n\n\n\n<li><a href='?page_no=20587'>20587<\/a><\/li>\n\n\n\n<li><a>...<\/a><\/li>\n\n\n\n<li><a href='?page_no=22522'>22522<\/a><\/li>\n\n\n\n<li><a href='?page_no=22523'>22523<\/a><\/li>\n\n    \n\t\n\n<li >\n\t<a href='?page_no=20586'>Next<\/a>\n\t<\/li>\n\n\n    \n\n<li><a href='?page_no=22523'>Last &rsaquo;&rsaquo;<\/a><\/li>\n\n<\/ul>\n\n\n--><br \/>\n<\/body><\/p>\n","protected":false},"excerpt":{"rendered":"<p>Lorenzo Duarte debuta como solista &#13; Miami, FL, 10 de febrero del 2009.- Lorenzo Duarte cierra un cap\u00edtulo en su vida tras la disoluci\u00f3n del exitoso grupo MDO e inmediatamente, pasa la p\u00e1gina y\u00a0comienza a escribir su historia como solista.&#13; &#13; En cuatro a\u00f1os como integrante de MDO -agrupaci\u00f3n dirigida por Edgardo D\u00edaz, tambi\u00e9n creador [&hellip;]<\/p>\n","protected":false},"author":3,"featured_media":0,"comment_status":"open","ping_status":"open","sticky":false,"template":"","format":"standard","meta":{"footnotes":""},"categories":[25],"tags":[],"class_list":["post-91963","post","type-post","status-publish","format-standard","hentry","category-gente"],"_links":{"self":[{"href":"https:\/\/diariodominicano.com\/index.php?rest_route=\/wp\/v2\/posts\/91963","targetHints":{"allow":["GET"]}}],"collection":[{"href":"https:\/\/diariodominicano.com\/index.php?rest_route=\/wp\/v2\/posts"}],"about":[{"href":"https:\/\/diariodominicano.com\/index.php?rest_route=\/wp\/v2\/types\/post"}],"author":[{"embeddable":true,"href":"https:\/\/diariodominicano.com\/index.php?rest_route=\/wp\/v2\/users\/3"}],"replies":[{"embeddable":true,"href":"https:\/\/diariodominicano.com\/index.php?rest_route=%2Fwp%2Fv2%2Fcomments&post=91963"}],"version-history":[{"count":0,"href":"https:\/\/diariodominicano.com\/index.php?rest_route=\/wp\/v2\/posts\/91963\/revisions"}],"wp:attachment":[{"href":"https:\/\/diariodominicano.com\/index.php?rest_route=%2Fwp%2Fv2%2Fmedia&parent=91963"}],"wp:term":[{"taxonomy":"category","embeddable":true,"href":"https:\/\/diariodominicano.com\/index.php?rest_route=%2Fwp%2Fv2%2Fcategories&post=91963"},{"taxonomy":"post_tag","embeddable":true,"href":"https:\/\/diariodominicano.com\/index.php?rest_route=%2Fwp%2Fv2%2Ftags&post=91963"}],"curies":[{"name":"wp","href":"https:\/\/api.w.org\/{rel}","templated":true}]}}