{"id":91959,"date":"2009-02-11T19:36:21","date_gmt":"2009-02-11T19:36:21","guid":{"rendered":"http:\/\/diariodominicano.ddns.net\/?p=91959"},"modified":"2009-02-11T19:36:21","modified_gmt":"2009-02-11T19:36:21","slug":"jean-realizara-presentacion-en-puerto-rico","status":"publish","type":"post","link":"https:\/\/diariodominicano.com\/?p=91959","title":{"rendered":"Jean realizar\u00e1 presentaci\u00f3n  en Puerto Rico"},"content":{"rendered":"<p><body><\/p>\n<p class=\"titulogrande1\">Jean realizar\u00e1 presentaci\u00f3n\u00a0  en Puerto Rico<\/p>\n<p>&#13;<\/p>\n<p align=\"justify\" class=\"text1noticias\"><img loading=\"lazy\" decoding=\"async\" src=\"http:\/\/localhost:8080\/gente\/img\/jeane.jpg\" width=\"375\" height=\"283\" hspace=\"4\" align=\"left\" \/>Miami, FL, 11 de febrero del 2009.- <strong>Jean<\/strong>, int\u00e9rprete que se ha convertido en la nueva revelaci\u00f3n de la  m\u00fasica latina gracias a sus originales composiciones y experimentaciones con  ritmos musicales tales como el soul, hip-hop y pop, ser\u00e1 el responsable de abrir los primeros conciertos de la gira de  Luis Fonsi, \u201cPalabras del Silencio, Tour 2009\u201d.<br \/>&#13;<br \/>\n  <br \/>&#13;<br \/>\n  Estos recitales se llevar\u00e1n a cabo del 13 al 15 de febrero, en el Coliseo <strong>Jos\u00e9 Miguel Agrelot<\/strong> (Choliceo) de  Puerto Rico, a partir de las 8:30 p.m.<br \/>&#13;<br \/>\n  <br \/>&#13;<br \/>\n  Las  entradas para el espect\u00e1culo \u201cPalabras del Silencio, Tour 2009\u201d, el cual llega  bajo la producci\u00f3n de <strong>Tony Mojena<\/strong>, est\u00e1n a la  venta a trav\u00e9s del servicio <strong>Ticketpop<\/strong>,  comunic\u00e1ndose al n\u00famero telef\u00f3nico 787.294.0001, o ingresando al portal <a href=\"http:\/\/www.ticketpop.com\"><strong>www.ticketpop.com<\/strong><\/a>.<br \/>&#13;<br \/>\n  <br \/>&#13;<br \/>\n  Desde el pasado 2 de febrero, Jean realiza una extensa  gira de promoci\u00f3n en su natal Puerto Rico, presentando su nuevo sencillo \u201cSin  Decir Adi\u00f3s\u201d, tema que forma parte de su m\u00e1s reciente disco titulado \u201cOut  the box\u201d.<br \/>&#13;<br \/>\n  <br \/>&#13;<br \/>\n  Adem\u00e1s de su actuaci\u00f3n en el Choliseo, el cantautor estar\u00e1 el  pr\u00f3ximo 13 de febrero en Drums de Isla Verde, el 14 en Steps y el 15 en Logan\u2019s  Irish Pub.<br \/>&#13;<br \/>\n  <br \/>&#13;<br \/>\n  \u201cOut the  box\u201d, pertenece al sello discogr\u00e1fico Sony Music.<\/p>\n<p>&#13;<\/p>\n<h6> 2009-02-11 19:36:21 <\/h6>\n<p><!--\n<link rel=\"stylesheet\" href=\"css\/bootstrap.min.css\">\n\n\n<ul class=\"pagination\">\n\t    \n\t\n\n<li >\n\t<a href='?page_no=20580'>Previous<\/a>\n\t<\/li>\n\n\n       \n    \n\n<li><a href='?page_no=1'>1<\/a><\/li>\n\n\n\n<li><a href='?page_no=2'>2<\/a><\/li>\n\n\n\n<li><a>...<\/a><\/li>\n\n\n\n<li><a href='?page_no=20579'>20579<\/a><\/li>\n\n\n\n<li><a href='?page_no=20580'>20580<\/a><\/li>\n\n\n\n<li class='active'><a>20581<\/a><\/li>\n\n\n\n<li><a href='?page_no=20582'>20582<\/a><\/li>\n\n\n\n<li><a href='?page_no=20583'>20583<\/a><\/li>\n\n\n\n<li><a>...<\/a><\/li>\n\n\n\n<li><a href='?page_no=22522'>22522<\/a><\/li>\n\n\n\n<li><a href='?page_no=22523'>22523<\/a><\/li>\n\n    \n\t\n\n<li >\n\t<a href='?page_no=20582'>Next<\/a>\n\t<\/li>\n\n\n    \n\n<li><a href='?page_no=22523'>Last &rsaquo;&rsaquo;<\/a><\/li>\n\n<\/ul>\n\n\n--><br \/>\n<\/body><\/p>\n","protected":false},"excerpt":{"rendered":"<p>Jean realizar\u00e1 presentaci\u00f3n\u00a0 en Puerto Rico &#13; Miami, FL, 11 de febrero del 2009.- Jean, int\u00e9rprete que se ha convertido en la nueva revelaci\u00f3n de la m\u00fasica latina gracias a sus originales composiciones y experimentaciones con ritmos musicales tales como el soul, hip-hop y pop, ser\u00e1 el responsable de abrir los primeros conciertos de la [&hellip;]<\/p>\n","protected":false},"author":3,"featured_media":0,"comment_status":"open","ping_status":"open","sticky":false,"template":"","format":"standard","meta":{"footnotes":""},"categories":[25],"tags":[],"class_list":["post-91959","post","type-post","status-publish","format-standard","hentry","category-gente"],"_links":{"self":[{"href":"https:\/\/diariodominicano.com\/index.php?rest_route=\/wp\/v2\/posts\/91959","targetHints":{"allow":["GET"]}}],"collection":[{"href":"https:\/\/diariodominicano.com\/index.php?rest_route=\/wp\/v2\/posts"}],"about":[{"href":"https:\/\/diariodominicano.com\/index.php?rest_route=\/wp\/v2\/types\/post"}],"author":[{"embeddable":true,"href":"https:\/\/diariodominicano.com\/index.php?rest_route=\/wp\/v2\/users\/3"}],"replies":[{"embeddable":true,"href":"https:\/\/diariodominicano.com\/index.php?rest_route=%2Fwp%2Fv2%2Fcomments&post=91959"}],"version-history":[{"count":0,"href":"https:\/\/diariodominicano.com\/index.php?rest_route=\/wp\/v2\/posts\/91959\/revisions"}],"wp:attachment":[{"href":"https:\/\/diariodominicano.com\/index.php?rest_route=%2Fwp%2Fv2%2Fmedia&parent=91959"}],"wp:term":[{"taxonomy":"category","embeddable":true,"href":"https:\/\/diariodominicano.com\/index.php?rest_route=%2Fwp%2Fv2%2Fcategories&post=91959"},{"taxonomy":"post_tag","embeddable":true,"href":"https:\/\/diariodominicano.com\/index.php?rest_route=%2Fwp%2Fv2%2Ftags&post=91959"}],"curies":[{"name":"wp","href":"https:\/\/api.w.org\/{rel}","templated":true}]}}