{"id":91956,"date":"2009-02-11T21:39:54","date_gmt":"2009-02-11T21:39:54","guid":{"rendered":"http:\/\/diariodominicano.ddns.net\/?p=91956"},"modified":"2009-02-11T21:39:54","modified_gmt":"2009-02-11T21:39:54","slug":"stiletto-amplia-sus-servicios","status":"publish","type":"post","link":"https:\/\/diariodominicano.com\/?p=91956","title":{"rendered":"Stiletto ampl\u00eda sus servicios"},"content":{"rendered":"<p><body><\/p>\n<p class=\"titulogrande1\"><strong>Stiletto ampl\u00eda sus  servicios<\/strong><\/p>\n<p>&#13;<\/p>\n<p align=\"justify\" class=\"text1noticias\"><strong><img loading=\"lazy\" decoding=\"async\" src=\"http:\/\/localhost:8080\/gente\/img\/baram.jpg\" width=\"375\" height=\"262\" hspace=\"4\" align=\"left\" \/>Santo Domingo.- <\/strong>La firma Stiletto, conocida en el pa\u00eds  como representante exclusiva de las afamadas marcas \u00a0Gucci, Salvatore  Ferragamo, Giorgio Armani, Armani Le Collezioni, Bottega Veneta, Dolce &amp; Gabbana  y Giuzeppe Zanotti, ahora ampl\u00eda sus servicios para ofrecer mayor satisfacci\u00f3n  y comodidad a sus fieles clientes dominicanos.<br \/>&#13;<br \/>\n  \u00a0<br \/>&#13;<br \/>\n  Como parte de la innovaci\u00f3n de su tienda de la calle\u00a0 Max Henr\u00edquez Ure\u00f1a n\u00famero 36 \u00a0del ensanche Piantini, inaugur\u00f3 su\u00a0 \u201cChampagne bar de Stiletto\u201d un \u00a0espacio con un delicado y acogedor concepto,  donde los clientes podr\u00e1n degustar variedades de c\u00f3cteles, postres y platos.<br \/>&#13;<br \/>\n  \u00a0<br \/>&#13;<br \/>\n  Al c\u00f3ctel de apertura de la novedosa \u00e1rea dentro de la tienda  asistieron clientes, amigos y relacionados a los propietarios de la firma.\u00a0 \u00a0<\/p>\n<p>&#13;<\/p>\n<p align=\"justify\" class=\"text1noticias\">Para la ocasi\u00f3n los presentes disfrutaron de un agradable ambiente,  en una noche de vinos y champagne de la marca Moet Henessy.<\/p>\n<p>&#13;<\/p>\n<p align=\"justify\" class=\"text1noticias\">Patricia Lama de Bonilla y  Luis Jos\u00e9 Bonilla, propietarios de Stiletto compartieron con sus amigos e  invitados especiales, a quienes mostraron las variedades que ofrecer\u00e1n en el  nuevo bar.<\/p>\n<p>&#13;<\/p>\n<p align=\"justify\" class=\"text1noticias\">A partir de ahora los clientes de la tienda podr\u00e1n degustar en  el Champagne Bar platos como: Tartare de Tuna, Stiletto Crac Cake, Lettuce  &amp; Prosciutto Wrap, Stiletto\u00b4s Sampler Platter, as\u00ed como los postres Parfait  alla frutta di Passion, Fichi e Vino Fragole Fresche.<\/p>\n<p>&#13;<\/p>\n<p align=\"justify\" class=\"text1noticias\"><strong>Stiletto, S.A.<\/strong><br \/>&#13;<br \/>\n  Es \u00a0propietario de las tiendas Stiletto y de la  boutique de Salvatore Ferragamo en Puerto Rico. Es una sociedad que cumple con  las leyes\u00a0 de la Rep\u00fablica Dominicana.\u00a0 Es \u00a0propiedad de la se\u00f1ora Patricia Lama de  Bonilla y Luis Jos\u00e9 Bonilla. <\/p>\n<p>&#13;<\/p>\n<p align=\"justify\" class=\"text1noticias\">Nace en el a\u00f1o\u00a0 2000, con un \u00a0nuevo concepto de exclusividad en la Rep\u00fablica Dominicana,  representando las m\u00e1s famosas marcas de la moda y el dise\u00f1o, caracter\u00edstica  principal de la firma. <br \/>&#13;<br \/>\n  <br \/>&#13;<br \/>\n  En el pa\u00eds cuenta con tres  tiendas: una en Santiago y dos en Santo Domingo, una en Acr\u00f3polis Center y la  otra en la Max Henr\u00edquez  Ure\u00f1a.<\/p>\n<p>&#13;<\/p>\n<p align=\"justify\" class=\"text1noticias\">Dentro de cada una de sus  tiendas tiene una completa exhibici\u00f3n de las \u00faltimas colecciones de cada marca,  incluyendo zapatos, bolsos de mano, y una amplia gama de accesorios de cuero  para caballeros y damas. <\/p>\n<p>&#13;<\/p>\n<h6> 2009-02-11 21:39:54 <\/h6>\n<p><!--\n<link rel=\"stylesheet\" href=\"css\/bootstrap.min.css\">\n\n\n<ul class=\"pagination\">\n\t    \n\t\n\n<li >\n\t<a href='?page_no=20577'>Previous<\/a>\n\t<\/li>\n\n\n       \n    \n\n<li><a href='?page_no=1'>1<\/a><\/li>\n\n\n\n<li><a href='?page_no=2'>2<\/a><\/li>\n\n\n\n<li><a>...<\/a><\/li>\n\n\n\n<li><a href='?page_no=20576'>20576<\/a><\/li>\n\n\n\n<li><a href='?page_no=20577'>20577<\/a><\/li>\n\n\n\n<li class='active'><a>20578<\/a><\/li>\n\n\n\n<li><a href='?page_no=20579'>20579<\/a><\/li>\n\n\n\n<li><a href='?page_no=20580'>20580<\/a><\/li>\n\n\n\n<li><a>...<\/a><\/li>\n\n\n\n<li><a href='?page_no=22522'>22522<\/a><\/li>\n\n\n\n<li><a href='?page_no=22523'>22523<\/a><\/li>\n\n    \n\t\n\n<li >\n\t<a href='?page_no=20579'>Next<\/a>\n\t<\/li>\n\n\n    \n\n<li><a href='?page_no=22523'>Last &rsaquo;&rsaquo;<\/a><\/li>\n\n<\/ul>\n\n\n--><br \/>\n<\/body><\/p>\n","protected":false},"excerpt":{"rendered":"<p>Stiletto ampl\u00eda sus servicios &#13; Santo Domingo.- La firma Stiletto, conocida en el pa\u00eds como representante exclusiva de las afamadas marcas \u00a0Gucci, Salvatore Ferragamo, Giorgio Armani, Armani Le Collezioni, Bottega Veneta, Dolce &amp; Gabbana y Giuzeppe Zanotti, ahora ampl\u00eda sus servicios para ofrecer mayor satisfacci\u00f3n y comodidad a sus fieles clientes dominicanos.&#13; \u00a0&#13; Como parte [&hellip;]<\/p>\n","protected":false},"author":3,"featured_media":0,"comment_status":"open","ping_status":"open","sticky":false,"template":"","format":"standard","meta":{"footnotes":""},"categories":[25],"tags":[],"class_list":["post-91956","post","type-post","status-publish","format-standard","hentry","category-gente"],"_links":{"self":[{"href":"https:\/\/diariodominicano.com\/index.php?rest_route=\/wp\/v2\/posts\/91956","targetHints":{"allow":["GET"]}}],"collection":[{"href":"https:\/\/diariodominicano.com\/index.php?rest_route=\/wp\/v2\/posts"}],"about":[{"href":"https:\/\/diariodominicano.com\/index.php?rest_route=\/wp\/v2\/types\/post"}],"author":[{"embeddable":true,"href":"https:\/\/diariodominicano.com\/index.php?rest_route=\/wp\/v2\/users\/3"}],"replies":[{"embeddable":true,"href":"https:\/\/diariodominicano.com\/index.php?rest_route=%2Fwp%2Fv2%2Fcomments&post=91956"}],"version-history":[{"count":0,"href":"https:\/\/diariodominicano.com\/index.php?rest_route=\/wp\/v2\/posts\/91956\/revisions"}],"wp:attachment":[{"href":"https:\/\/diariodominicano.com\/index.php?rest_route=%2Fwp%2Fv2%2Fmedia&parent=91956"}],"wp:term":[{"taxonomy":"category","embeddable":true,"href":"https:\/\/diariodominicano.com\/index.php?rest_route=%2Fwp%2Fv2%2Fcategories&post=91956"},{"taxonomy":"post_tag","embeddable":true,"href":"https:\/\/diariodominicano.com\/index.php?rest_route=%2Fwp%2Fv2%2Ftags&post=91956"}],"curies":[{"name":"wp","href":"https:\/\/api.w.org\/{rel}","templated":true}]}}