{"id":91955,"date":"2009-02-11T22:09:31","date_gmt":"2009-02-11T22:09:31","guid":{"rendered":"http:\/\/diariodominicano.ddns.net\/?p=91955"},"modified":"2009-02-11T22:09:31","modified_gmt":"2009-02-11T22:09:31","slug":"susbel-abre-sus-puertas","status":"publish","type":"post","link":"https:\/\/diariodominicano.com\/?p=91955","title":{"rendered":"Sus&amp;bel abre sus puertas"},"content":{"rendered":"<p><body><\/p>\n<p class=\"titulogrande1\">Sus&amp;bel abre sus puertas<\/p>\n<p>&#13;<\/p>\n<p align=\"justify\" class=\"text1noticias\">SUS&amp;BEL BOUTIQUE abri\u00f3 sus puertas en su local 10A de la plaza Las  Am\u00e9ricas I en el Ensanche Piantini.<\/p>\n<p>&#13;<\/p>\n<p align=\"justify\" class=\"text1noticias\"><img loading=\"lazy\" decoding=\"async\" src=\"http:\/\/localhost:8080\/gente\/img\/belki.jpg\" width=\"375\" height=\"290\" hspace=\"4\" align=\"left\" \/>El acto inaugural se realiz\u00f3 en un ambiente recreado con hermosos  arreglos de rosas rojas y blancas, siendo el rojo el gran protagonista de la  noche en honor a la tradicional fecha de San Valent\u00edn.<\/p>\n<p>&#13;<\/p>\n<p align=\"justify\" class=\"text1noticias\">Susana y Belkys Valdez, propietarias de SUS&amp;BEL BOUTIQUE,  agradecieron el apoyo de los presentes, al tiempo que explicaron que  SUS&amp;BEL BOUTIQUE ha sido creada con el prop\u00f3sito de ser una buena opci\u00f3n  para la mujer vanguardista y ejecutiva que le gusta llevar un estilo fresco y  elegante que, a la vez,\u00a0 le permita  realizar sus actividades diarias, tanto profesional como la de jefa de familia.<\/p>\n<p>&#13;<\/p>\n<p align=\"justify\" class=\"text1noticias\">Belkys Valdez resalt\u00f3 que SUS&amp;BEL BOUTIQUE tiene a la disposici\u00f3n  del p\u00fablico finas mercanc\u00edas de marcas internacionales, desde una talla 0 hasta  talla 16, tales como vestidos, blusas y pantalones, as\u00ed como tambi\u00e9n carteras y  otros art\u00edculos personales.\u00a0 <\/p>\n<p>&#13;<\/p>\n<p align=\"justify\" class=\"text1noticias\">La maestr\u00eda de ceremonias estuvo a cargo de Helen J\u00e1quez, quien resalt\u00f3  el papel de la mujer moderna y la importancia de piezas c\u00f3modas y elegantes en  su guardarropa. <\/p>\n<p>&#13;<\/p>\n<p align=\"justify\" class=\"text1noticias\">SUS&amp;BEL BOUTIQUE est\u00e1  abierta de lunes a s\u00e1bados desde las 9:30 a.m. hasta las 8:30 p.m.<\/p>\n<p>&#13;<\/p>\n<h6> 2009-02-11 22:09:31 <\/h6>\n<p><!--\n<link rel=\"stylesheet\" href=\"css\/bootstrap.min.css\">\n\n\n<ul class=\"pagination\">\n\t    \n\t\n\n<li >\n\t<a href='?page_no=20576'>Previous<\/a>\n\t<\/li>\n\n\n       \n    \n\n<li><a href='?page_no=1'>1<\/a><\/li>\n\n\n\n<li><a href='?page_no=2'>2<\/a><\/li>\n\n\n\n<li><a>...<\/a><\/li>\n\n\n\n<li><a href='?page_no=20575'>20575<\/a><\/li>\n\n\n\n<li><a href='?page_no=20576'>20576<\/a><\/li>\n\n\n\n<li class='active'><a>20577<\/a><\/li>\n\n\n\n<li><a href='?page_no=20578'>20578<\/a><\/li>\n\n\n\n<li><a href='?page_no=20579'>20579<\/a><\/li>\n\n\n\n<li><a>...<\/a><\/li>\n\n\n\n<li><a href='?page_no=22522'>22522<\/a><\/li>\n\n\n\n<li><a href='?page_no=22523'>22523<\/a><\/li>\n\n    \n\t\n\n<li >\n\t<a href='?page_no=20578'>Next<\/a>\n\t<\/li>\n\n\n    \n\n<li><a href='?page_no=22523'>Last &rsaquo;&rsaquo;<\/a><\/li>\n\n<\/ul>\n\n\n--><br \/>\n<\/body><\/p>\n","protected":false},"excerpt":{"rendered":"<p>Sus&amp;bel abre sus puertas &#13; SUS&amp;BEL BOUTIQUE abri\u00f3 sus puertas en su local 10A de la plaza Las Am\u00e9ricas I en el Ensanche Piantini. &#13; El acto inaugural se realiz\u00f3 en un ambiente recreado con hermosos arreglos de rosas rojas y blancas, siendo el rojo el gran protagonista de la noche en honor a la [&hellip;]<\/p>\n","protected":false},"author":3,"featured_media":0,"comment_status":"open","ping_status":"open","sticky":false,"template":"","format":"standard","meta":{"footnotes":""},"categories":[25],"tags":[],"class_list":["post-91955","post","type-post","status-publish","format-standard","hentry","category-gente"],"_links":{"self":[{"href":"https:\/\/diariodominicano.com\/index.php?rest_route=\/wp\/v2\/posts\/91955","targetHints":{"allow":["GET"]}}],"collection":[{"href":"https:\/\/diariodominicano.com\/index.php?rest_route=\/wp\/v2\/posts"}],"about":[{"href":"https:\/\/diariodominicano.com\/index.php?rest_route=\/wp\/v2\/types\/post"}],"author":[{"embeddable":true,"href":"https:\/\/diariodominicano.com\/index.php?rest_route=\/wp\/v2\/users\/3"}],"replies":[{"embeddable":true,"href":"https:\/\/diariodominicano.com\/index.php?rest_route=%2Fwp%2Fv2%2Fcomments&post=91955"}],"version-history":[{"count":0,"href":"https:\/\/diariodominicano.com\/index.php?rest_route=\/wp\/v2\/posts\/91955\/revisions"}],"wp:attachment":[{"href":"https:\/\/diariodominicano.com\/index.php?rest_route=%2Fwp%2Fv2%2Fmedia&parent=91955"}],"wp:term":[{"taxonomy":"category","embeddable":true,"href":"https:\/\/diariodominicano.com\/index.php?rest_route=%2Fwp%2Fv2%2Fcategories&post=91955"},{"taxonomy":"post_tag","embeddable":true,"href":"https:\/\/diariodominicano.com\/index.php?rest_route=%2Fwp%2Fv2%2Ftags&post=91955"}],"curies":[{"name":"wp","href":"https:\/\/api.w.org\/{rel}","templated":true}]}}