{"id":91954,"date":"2009-02-12T14:27:01","date_gmt":"2009-02-12T14:27:01","guid":{"rendered":"http:\/\/diariodominicano.ddns.net\/?p=91954"},"modified":"2009-02-12T14:27:01","modified_gmt":"2009-02-12T14:27:01","slug":"winston-paulino-quiere-la-paz-con-wilfrido-vargas","status":"publish","type":"post","link":"https:\/\/diariodominicano.com\/?p=91954","title":{"rendered":"\u201cWINSTON PAULINO QUIERE LA PAZ CON WILFRIDO VARGAS\u201d"},"content":{"rendered":"<p><body><\/p>\n<p class=\"titulogrande1\"><strong>\u201cWINSTON PAULINO QUIERE LA    PAZ CON WILFRIDO VARGAS\u201d<\/strong><\/p>\n<p>&#13;<\/p>\n<p align=\"center\"><strong>-ASPIRA GRABEN \u201cPOR LA PAZ\u201d EN VARIOS IDIOMAS-<\/strong><\/p>\n<p>&#13;<\/p>\n<p align=\"justify\" class=\"text1noticias\"><img loading=\"lazy\" decoding=\"async\" src=\"http:\/\/localhost:8080\/gente\/img\/wintos.jpg\" width=\"375\" height=\"251\" hspace=\"4\" align=\"left\" \/>El cantautor  dominicano Winston Paulino busca que con el lanzamiento oficial de la canci\u00f3n  \u201cPor La Paz\u201d se  reestablezca la amistad que existi\u00f3 entre este y el merenguero Wilfrido Vargas,  ya que seg\u00fan \u00e9l, estos momentos de crisis que vive el mundo requiere de la  uni\u00f3n, la comprensi\u00f3n, la amistad y la confraternidad de todos.<\/p>\n<p>&#13;<\/p>\n<p align=\"justify\" class=\"text1noticias\">\u201cCon esta  composici\u00f3n estoy haciendo un llamado a los j\u00f3venes del mundo a rechazar con  paz las guerras y el primer grano de arena a esta necesaria actitud positiva  quiero aportarlo de manera personal llamando a Wilfrido Vargas a que acepte  esta canci\u00f3n como un ramo de olivo en este mes de la amistad, para que se borre  de nuestros corazones el rencor y los malos recuerdos queden sepultados para  siempre\u201d, declar\u00f3 el autor de \u201cEl Baile del Perrito\u201d, \u201cPor La Plata Baila El Mono\u201d y \u201c\u00c9chame  Agua Que Me Quemo\u201d.<\/p>\n<p>&#13;<\/p>\n<p align=\"justify\" class=\"text1noticias\">Winston y  Wilfrido mantuvieron en vilo la opini\u00f3n p\u00fablica mundial en el d\u00eda a d\u00eda de  cinco largos a\u00f1os ante los tribunales, donde mantuvieron conflicto por la  autor\u00eda del merengue m\u00e1s famoso de la historia \u201cEl Baile del Perrito\u201d.<\/p>\n<p>&#13;<\/p>\n<p align=\"justify\" class=\"text1noticias\">\u201cMe gustar\u00eda  que el dia de San Valent\u00edn ya se pueda escuchar esta canci\u00f3n en la radio  nacional y que con su presentaci\u00f3n concluyan no solo las diferencias personales  entre Wilfrido y yo, sino todas las enemistades de mi pa\u00eds y del mundo, por eso  quiero empezar con \u201cel hombre en el espejo\u201d que soy yo mismo\u201d, indic\u00f3 Winston.<\/p>\n<p>&#13;<\/p>\n<p align=\"justify\" class=\"text1noticias\">Paulino agreg\u00f3  que anhela que este este dia de la amistad que se acerca \u201cno solo sea un dia de  encuentros entre parejas sentimentales, sino que tambi\u00e9n sea un dia especial  para llamar o visitar a las enemistades y decirles con todo coraz\u00f3n  \u201c\u00a1Perd\u00f3name!\u201d o \u201c\u00a1Yo te Perdono!\u201d, \u201c\u00a1por la paz!\u201d\u201d.<\/p>\n<p>&#13;<\/p>\n<p align=\"justify\" class=\"text1noticias\">Winston Paulino  entiende que es necesario que este mensaje llegue a cada rinc\u00f3n del mundo por  lo que aspira a que \u201cPor La Paz\u201d  sea grabada en diferentes idiomas y con distintos interpretes.<\/p>\n<p>&#13;<\/p>\n<h6> 2009-02-12 14:27:01 <\/h6>\n<p><!--\n<link rel=\"stylesheet\" href=\"css\/bootstrap.min.css\">\n\n\n<ul class=\"pagination\">\n\t    \n\t\n\n<li >\n\t<a href='?page_no=20575'>Previous<\/a>\n\t<\/li>\n\n\n       \n    \n\n<li><a href='?page_no=1'>1<\/a><\/li>\n\n\n\n<li><a href='?page_no=2'>2<\/a><\/li>\n\n\n\n<li><a>...<\/a><\/li>\n\n\n\n<li><a href='?page_no=20574'>20574<\/a><\/li>\n\n\n\n<li><a href='?page_no=20575'>20575<\/a><\/li>\n\n\n\n<li class='active'><a>20576<\/a><\/li>\n\n\n\n<li><a href='?page_no=20577'>20577<\/a><\/li>\n\n\n\n<li><a href='?page_no=20578'>20578<\/a><\/li>\n\n\n\n<li><a>...<\/a><\/li>\n\n\n\n<li><a href='?page_no=22522'>22522<\/a><\/li>\n\n\n\n<li><a href='?page_no=22523'>22523<\/a><\/li>\n\n    \n\t\n\n<li >\n\t<a href='?page_no=20577'>Next<\/a>\n\t<\/li>\n\n\n    \n\n<li><a href='?page_no=22523'>Last &rsaquo;&rsaquo;<\/a><\/li>\n\n<\/ul>\n\n\n--><br \/>\n<\/body><\/p>\n","protected":false},"excerpt":{"rendered":"<p>\u201cWINSTON PAULINO QUIERE LA PAZ CON WILFRIDO VARGAS\u201d &#13; -ASPIRA GRABEN \u201cPOR LA PAZ\u201d EN VARIOS IDIOMAS- &#13; El cantautor dominicano Winston Paulino busca que con el lanzamiento oficial de la canci\u00f3n \u201cPor La Paz\u201d se reestablezca la amistad que existi\u00f3 entre este y el merenguero Wilfrido Vargas, ya que seg\u00fan \u00e9l, estos momentos de [&hellip;]<\/p>\n","protected":false},"author":3,"featured_media":0,"comment_status":"open","ping_status":"open","sticky":false,"template":"","format":"standard","meta":{"footnotes":""},"categories":[25],"tags":[],"class_list":["post-91954","post","type-post","status-publish","format-standard","hentry","category-gente"],"_links":{"self":[{"href":"https:\/\/diariodominicano.com\/index.php?rest_route=\/wp\/v2\/posts\/91954","targetHints":{"allow":["GET"]}}],"collection":[{"href":"https:\/\/diariodominicano.com\/index.php?rest_route=\/wp\/v2\/posts"}],"about":[{"href":"https:\/\/diariodominicano.com\/index.php?rest_route=\/wp\/v2\/types\/post"}],"author":[{"embeddable":true,"href":"https:\/\/diariodominicano.com\/index.php?rest_route=\/wp\/v2\/users\/3"}],"replies":[{"embeddable":true,"href":"https:\/\/diariodominicano.com\/index.php?rest_route=%2Fwp%2Fv2%2Fcomments&post=91954"}],"version-history":[{"count":0,"href":"https:\/\/diariodominicano.com\/index.php?rest_route=\/wp\/v2\/posts\/91954\/revisions"}],"wp:attachment":[{"href":"https:\/\/diariodominicano.com\/index.php?rest_route=%2Fwp%2Fv2%2Fmedia&parent=91954"}],"wp:term":[{"taxonomy":"category","embeddable":true,"href":"https:\/\/diariodominicano.com\/index.php?rest_route=%2Fwp%2Fv2%2Fcategories&post=91954"},{"taxonomy":"post_tag","embeddable":true,"href":"https:\/\/diariodominicano.com\/index.php?rest_route=%2Fwp%2Fv2%2Ftags&post=91954"}],"curies":[{"name":"wp","href":"https:\/\/api.w.org\/{rel}","templated":true}]}}