{"id":91953,"date":"2009-02-12T15:01:27","date_gmt":"2009-02-12T15:01:27","guid":{"rendered":"http:\/\/diariodominicano.ddns.net\/?p=91953"},"modified":"2009-02-12T15:01:27","modified_gmt":"2009-02-12T15:01:27","slug":"jueves-del-bolero-en-maniqui","status":"publish","type":"post","link":"https:\/\/diariodominicano.com\/?p=91953","title":{"rendered":"Jueves del bolero en Maniqu\u00ed."},"content":{"rendered":"<p><body><\/p>\n<div align=\"justify\"><span class=\"titulogrande1\"><strong>Jueves del bolero en Maniqu\u00ed.<\/strong><\/span><strong><br \/>&#13;<br \/>\n  <br \/>&#13;<br \/>\n<\/strong><span class=\"text1noticias\">El Instituto de Estudios Caribe\u00f1os (INEC) y el  Restaurant Maniqu\u00ed, organizaran este y todos los jueves, una noche bohemia  dedicada al bolero, llamada \u00abJueves del Bolero\u00bb, iniciando a las 7 de  la noche, en el Restaurant.<br \/>&#13;<br \/>\n<br \/>&#13;<br \/>\nEste primer encuentro estar\u00e1 a cargo de Leo Cordero y sus invitados.<br \/>&#13;<br \/>\n<br \/>&#13;<br \/>\nEl restaurant Maniqu\u00ed, ubicado detr\u00e1s del Teatro Nacional, en la Plaza de la  Cultura, es un espacio presto a la bohemia donde se han dado cita importantes  figuras de la m\u00fasica rom\u00e1ntica, como:\u00a0 Luis Kalaf, Cesar Portillo de la  Luz, Alberto Cortes, Ana Bel\u00e9n, Pablo Milan\u00e9s, entre otros.<br \/>&#13;<br \/>\n<br \/>&#13;<br \/>\nEstas noches bohemias son parte del programa de actividades previas del III  Congreso M\u00fasica, Identidad y Cultura en el Caribe, dedica al Bolero en la Cultura  Caribe\u00f1a y\u00a0 Universal, a realizarse los d\u00edas 17, 18 y 19 de abril del ano  en curso, en las instalaciones del Centro Le\u00f3n en Santiago, organizado por la  Secretaria de Estado de Cultura, el Instituto de Estudios Caribe\u00f1os y el Centro  Cultural Eduardo Le\u00f3n Jimenes.<\/span><br \/>&#13;\n<\/div>\n<p>&#13;<\/p>\n<h6> 2009-02-12 15:01:27 <\/h6>\n<p><!--\n<link rel=\"stylesheet\" href=\"css\/bootstrap.min.css\">\n\n\n<ul class=\"pagination\">\n\t    \n\t\n\n<li >\n\t<a href='?page_no=20574'>Previous<\/a>\n\t<\/li>\n\n\n       \n    \n\n<li><a href='?page_no=1'>1<\/a><\/li>\n\n\n\n<li><a href='?page_no=2'>2<\/a><\/li>\n\n\n\n<li><a>...<\/a><\/li>\n\n\n\n<li><a href='?page_no=20573'>20573<\/a><\/li>\n\n\n\n<li><a href='?page_no=20574'>20574<\/a><\/li>\n\n\n\n<li class='active'><a>20575<\/a><\/li>\n\n\n\n<li><a href='?page_no=20576'>20576<\/a><\/li>\n\n\n\n<li><a href='?page_no=20577'>20577<\/a><\/li>\n\n\n\n<li><a>...<\/a><\/li>\n\n\n\n<li><a href='?page_no=22522'>22522<\/a><\/li>\n\n\n\n<li><a href='?page_no=22523'>22523<\/a><\/li>\n\n    \n\t\n\n<li >\n\t<a href='?page_no=20576'>Next<\/a>\n\t<\/li>\n\n\n    \n\n<li><a href='?page_no=22523'>Last &rsaquo;&rsaquo;<\/a><\/li>\n\n<\/ul>\n\n\n--><br \/>\n<\/body><\/p>\n","protected":false},"excerpt":{"rendered":"<p>Jueves del bolero en Maniqu\u00ed.&#13; &#13; El Instituto de Estudios Caribe\u00f1os (INEC) y el Restaurant Maniqu\u00ed, organizaran este y todos los jueves, una noche bohemia dedicada al bolero, llamada \u00abJueves del Bolero\u00bb, iniciando a las 7 de la noche, en el Restaurant.&#13; &#13; Este primer encuentro estar\u00e1 a cargo de Leo Cordero y sus invitados.&#13; [&hellip;]<\/p>\n","protected":false},"author":3,"featured_media":0,"comment_status":"open","ping_status":"open","sticky":false,"template":"","format":"standard","meta":{"footnotes":""},"categories":[25],"tags":[],"class_list":["post-91953","post","type-post","status-publish","format-standard","hentry","category-gente"],"_links":{"self":[{"href":"https:\/\/diariodominicano.com\/index.php?rest_route=\/wp\/v2\/posts\/91953","targetHints":{"allow":["GET"]}}],"collection":[{"href":"https:\/\/diariodominicano.com\/index.php?rest_route=\/wp\/v2\/posts"}],"about":[{"href":"https:\/\/diariodominicano.com\/index.php?rest_route=\/wp\/v2\/types\/post"}],"author":[{"embeddable":true,"href":"https:\/\/diariodominicano.com\/index.php?rest_route=\/wp\/v2\/users\/3"}],"replies":[{"embeddable":true,"href":"https:\/\/diariodominicano.com\/index.php?rest_route=%2Fwp%2Fv2%2Fcomments&post=91953"}],"version-history":[{"count":0,"href":"https:\/\/diariodominicano.com\/index.php?rest_route=\/wp\/v2\/posts\/91953\/revisions"}],"wp:attachment":[{"href":"https:\/\/diariodominicano.com\/index.php?rest_route=%2Fwp%2Fv2%2Fmedia&parent=91953"}],"wp:term":[{"taxonomy":"category","embeddable":true,"href":"https:\/\/diariodominicano.com\/index.php?rest_route=%2Fwp%2Fv2%2Fcategories&post=91953"},{"taxonomy":"post_tag","embeddable":true,"href":"https:\/\/diariodominicano.com\/index.php?rest_route=%2Fwp%2Fv2%2Ftags&post=91953"}],"curies":[{"name":"wp","href":"https:\/\/api.w.org\/{rel}","templated":true}]}}