{"id":91951,"date":"2009-02-13T15:24:24","date_gmt":"2009-02-13T15:24:24","guid":{"rendered":"http:\/\/diariodominicano.ddns.net\/?p=91951"},"modified":"2009-02-13T15:24:24","modified_gmt":"2009-02-13T15:24:24","slug":"presentan-el-rep-dom-fashion-week","status":"publish","type":"post","link":"https:\/\/diariodominicano.com\/?p=91951","title":{"rendered":"Presentan el Rep. Dom. Fashion Week."},"content":{"rendered":"<p><body><\/p>\n<p><span class=\"text1noticias\">Los pormenores de la primera edici\u00f3n del Rep\u00fablica Dominicana Fashion Week (RDFW) fueron presentados el pasado martes 10 de febrero en un  concurrido encuentro realizado en el muy de moda Rest. Taboo Bamboo.<\/span><\/p>\n<\/p>\n<p><span class=\"text1noticias\">La comunicadora Tita Hasb\u00fan, Directora General del RDFW, explic\u00f3 a los presentes los detalles de la iniciativa que comparte junto con el Dise\u00f1ador Jorge Diep, Alex Mac\u00edas y un equipo de profesionales que les acompa\u00f1ar\u00e1n en esta primera entrega, a celebrarse del 3 al 6 de junio del presente a\u00f1o en las instalaciones del espl\u00e9ndido y moderno Puerto de Sansouci en Santo Domingo.<\/span><\/p>\n<\/p>\n<p><span class=\"text1noticias\">RDFW nace con el inter\u00e9s de convertirse en una plataforma de proyecci\u00f3n nacional e internacional de la moda hecha en R.D., as\u00ed como tambi\u00e9n lograr que nuestro pa\u00eds sea un  escenario  atractivo para las firmas de la industria de la moda mundial, que aseguren la presencia de importantes medios de comunicaci\u00f3n masivos especializados y de interesados en el \u00e1rea de moda y del sector tur\u00edstico, tanto nacionales como internacionales.<\/span><\/p>\n<\/p>\n<p><span class=\"text1noticias\">Nuestra meta es lograr unir al gremio de la moda local, trazar los lineamientos necesarios para fortalecerlo y as\u00ed puedan desarrollarse con \u00e9xito en nuestro patio y en mercados internacionales que requieren cada vez m\u00e1s del dise\u00f1o aut\u00e9ntico, novedoso y de calidad, pero que sin pol\u00edticas precisas y claves para cubrir las demandas de los mercados, incluyendo el nuestro, lo s esfuerzos se quedan meramente en una  PASARELA.<\/span><\/p>\n<\/p>\n<p><span class=\"text1noticias\">RDFW ser\u00e1 m\u00e1s que cuatro d\u00edas de pasarela. Incluir\u00e1 tambi\u00e9n Fashion Shows, interesantes actividades para todos los p\u00fablicos, Fashion Mall, donde todas las marcas y franquicias de vestimenta, accesorios, calzados, estar\u00e1n presentes y con grandes oportunidades para comprar a precio de feria; tambi\u00e9n participar\u00e1n empresas de confecci\u00f3n, artesanos, la Prensa Sectorial, diversas publicaciones, productos y servicios,  instituciones y las principales empresas del comercio de la moda,  estar\u00e1n presentes con sus novedades, propuestas y atractivos.<\/span><\/p>\n<p><span class=\"text1noticias\"> <\/span><\/p>\n<p><span class=\"text1noticias\">El  RDFW contar\u00e1 con actividades al aire libre, amparados por el escenario natural, m\u00e1gico e hist\u00f3rico que bordea las instalaciones del lujoso y moderno Puerto de SanSouci, las tardes y noches   cobrar\u00e1n vida con encuentros de moda, luz, color y m\u00fasica de vanguardia en donde el p\u00fablico disfrutar\u00e1 de brindis, obsequios de nuestros patrocinadores, exposiciones, charlas de tendencias y Fashion Looks gratis y dem\u00e1s sorpresas, que ser\u00e1n anunciadas m\u00e1s adelante.<\/span><\/p>\n<\/p>\n<p><span class=\"text1noticias\">En esta primera entrega, RDFW reconocer\u00e1 a las modelos dominicanas de trascendencia nacional e internacional, reuniendo en nuestro escenario a las veteranas y recientes Teresa Wajdowicz, Jeimy Hern\u00e1ndez y Yilda Santana en el pa\u00eds, y en el exterior a Rosa Gouch, Omahira Mota y a quien ser\u00e1 la imagen internacional de este primer RDFW la Top Models Arlenis Sosa, dedic\u00e1ndoles un d\u00eda especial para reconocerlas.  <\/span><\/p>\n<\/p>\n<p><span class=\"text1noticias\">Para los organizadores del RDFW es importante que se puedan abrir nuevas propuestas de negocios para el talento criollo, ya sea para el sector local y que sea atractivo para el mercado internacional por lo que es indispensable comenzar con campa\u00f1as de divulgaci\u00f3n para nuestro medio y para el exterior que promocionen actividades atrayentes, donde el dise\u00f1o y la moda hecha aqu\u00ed sean protagonistas; por eso, contaremos con medios especializados en moda, entretenimiento y sociales: la completa cobertura de los programas FASHION TV de Tita Hasb\u00fan, TIME TV, un programa especial de TV del RDFW durante los d\u00edas de moda por Telemicro y Telemicro Internacional y una campa\u00f1a de expectativa con c\u00e1psulas de nuestro dise\u00f1adores. <\/span><\/p>\n<\/p>\n<p><span class=\"text1noticias\">Tambi\u00e9n tendremos cobertura total por el canal Cosmopolitan TV y un programa E! Especial Fashion Week Rep\u00fablica Dominicana. Adem\u00e1s la edici\u00f3n especial dedicada al RDFW de la prestigiosa revista INFASHION del grupo Televisa, como tambi\u00e9n el apoyo de VANIDADES, COSMOPOLITAN y dem\u00e1s medios impresos y revistas m\u00e1s destacadas del pa\u00eds. <\/span><\/p>\n<\/p>\n<p><span class=\"text1noticias\">Esos son algunos de los esfuerzos del RDFW para lograr un proyecto viable, sostenible y confiable para que la industria de la moda Dominicana y sus involucrados: dise\u00f1adores, modelos, estilistas, maquilladores, periodistas, peluqueros, sastres, modistas(os), artesanos y dem\u00e1s puedan insertarse y respondan con \u00e9xito a las demandas del cambiante mercado del =E 2Fashion Business<\/p>\n<h6> 2009-02-13 15:24:24 <\/h6>\n<p><!--\n<link rel=\"stylesheet\" href=\"css\/bootstrap.min.css\">\n\n\n<ul class=\"pagination\">\n\t    \n\t\n\n<li >\n\t<a href='?page_no=20572'>Previous<\/a>\n\t<\/li>\n\n\n       \n    \n\n<li><a href='?page_no=1'>1<\/a><\/li>\n\n\n\n<li><a href='?page_no=2'>2<\/a><\/li>\n\n\n\n<li><a>...<\/a><\/li>\n\n\n\n<li><a href='?page_no=20571'>20571<\/a><\/li>\n\n\n\n<li><a href='?page_no=20572'>20572<\/a><\/li>\n\n\n\n<li class='active'><a>20573<\/a><\/li>\n\n\n\n<li><a href='?page_no=20574'>20574<\/a><\/li>\n\n\n\n<li><a href='?page_no=20575'>20575<\/a><\/li>\n\n\n\n<li><a>...<\/a><\/li>\n\n\n\n<li><a href='?page_no=22522'>22522<\/a><\/li>\n\n\n\n<li><a href='?page_no=22523'>22523<\/a><\/li>\n\n    \n\t\n\n<li >\n\t<a href='?page_no=20574'>Next<\/a>\n\t<\/li>\n\n\n    \n\n<li><a href='?page_no=22523'>Last &rsaquo;&rsaquo;<\/a><\/li>\n\n<\/ul>\n\n\n--><br \/>\n<\/span><\/p>\n<p><\/body><\/p>\n","protected":false},"excerpt":{"rendered":"<p>Los pormenores de la primera edici\u00f3n del Rep\u00fablica Dominicana Fashion Week (RDFW) fueron presentados el pasado martes 10 de febrero en un concurrido encuentro realizado en el muy de moda Rest. Taboo Bamboo. La comunicadora Tita Hasb\u00fan, Directora General del RDFW, explic\u00f3 a los presentes los detalles de la iniciativa que comparte junto con el [&hellip;]<\/p>\n","protected":false},"author":3,"featured_media":0,"comment_status":"open","ping_status":"open","sticky":false,"template":"","format":"standard","meta":{"footnotes":""},"categories":[25],"tags":[],"class_list":["post-91951","post","type-post","status-publish","format-standard","hentry","category-gente"],"_links":{"self":[{"href":"https:\/\/diariodominicano.com\/index.php?rest_route=\/wp\/v2\/posts\/91951","targetHints":{"allow":["GET"]}}],"collection":[{"href":"https:\/\/diariodominicano.com\/index.php?rest_route=\/wp\/v2\/posts"}],"about":[{"href":"https:\/\/diariodominicano.com\/index.php?rest_route=\/wp\/v2\/types\/post"}],"author":[{"embeddable":true,"href":"https:\/\/diariodominicano.com\/index.php?rest_route=\/wp\/v2\/users\/3"}],"replies":[{"embeddable":true,"href":"https:\/\/diariodominicano.com\/index.php?rest_route=%2Fwp%2Fv2%2Fcomments&post=91951"}],"version-history":[{"count":0,"href":"https:\/\/diariodominicano.com\/index.php?rest_route=\/wp\/v2\/posts\/91951\/revisions"}],"wp:attachment":[{"href":"https:\/\/diariodominicano.com\/index.php?rest_route=%2Fwp%2Fv2%2Fmedia&parent=91951"}],"wp:term":[{"taxonomy":"category","embeddable":true,"href":"https:\/\/diariodominicano.com\/index.php?rest_route=%2Fwp%2Fv2%2Fcategories&post=91951"},{"taxonomy":"post_tag","embeddable":true,"href":"https:\/\/diariodominicano.com\/index.php?rest_route=%2Fwp%2Fv2%2Ftags&post=91951"}],"curies":[{"name":"wp","href":"https:\/\/api.w.org\/{rel}","templated":true}]}}