{"id":91949,"date":"2009-02-17T06:15:24","date_gmt":"2009-02-17T06:15:24","guid":{"rendered":"http:\/\/diariodominicano.ddns.net\/?p=91949"},"modified":"2009-02-17T06:15:24","modified_gmt":"2009-02-17T06:15:24","slug":"la-salle-celebra-actos-en-el-mes-de-la-patria-honran-a-juan-bosch","status":"publish","type":"post","link":"https:\/\/diariodominicano.com\/?p=91949","title":{"rendered":"La Salle celebra actos en el mes de la patria; honran a Juan Bosch"},"content":{"rendered":"<p><body><\/p>\n<p><img decoding=\"async\" src=\"http:\/\/localhost:8080\/gente\/img3\/JuanBosch.jpg\" \/>  <\/p>\n<p align=\"justify\"><span class=\"text1noticias\">SANTO DOMINGO.-El Colegio Dominicano La Salle, se apresta a celebrar los actos conmemorativos al mes de la patria, el cual contar\u00e1 con la presencia del vicepresidente Rafael Alburquerque y del empresario Jos\u00e9 Luis Corripio.<\/span><\/p>\n<\/p>\n<p align=\"justify\"><span class=\"text1noticias\">\u00abEsta es la vig\u00e9sima quinta vez que el centro educativo celebra un acto a la bandera. Ya es una tradici\u00f3n en el centro que tiene 75 a\u00f1os de fundado. Buscamos tambi\u00e9n crear en estudiantes una conciencia ciudadana que les permita ser mejores seres humanos y m\u00e1s nacionalistas, explica una nota de la Salle.<\/span><\/p>\n<\/p>\n<p align=\"justify\"><span class=\"text1noticias\">La actividad ser\u00e1 dedicada este a\u00f1o al profesor Juan Bosch y se desarrollar\u00e1 el pr\u00f3ximo 20 de febrero, a las 7:30 a.m., y se espera que asistan importantes personalidades de la vida pol\u00edtica nacional, social y cultural.<\/span><\/p>\n<\/p>\n<p align=\"justify\"><span class=\"text1noticias\">El discurso central del acto, estar\u00e1 a cargo del director del colegio, Jos\u00e9 Cueli Mel\u00f3n, quien disertar\u00e1 sobre el pensamiento de la instituci\u00f3n, la situaci\u00f3n del colegio, la situaci\u00f3n del pa\u00eds y de la educaci\u00f3n, entre otros t\u00f3picos.<\/span><\/p>\n<\/p>\n<p align=\"justify\"><span class=\"text1noticias\">Y que adem\u00e1s de esa actividad, La Salle viene educando con actos de izamiento de la bandera e interpretaci\u00f3n del Himno Nacional, para resaltar los valores a la Patria, y que en estos momentos especiales del mes patrio.<\/span><\/p>\n<\/p>\n<p align=\"justify\"><span class=\"text1noticias\">Habr\u00e1 un desfile, donde participaran otros colegios, entre los que se encuentran: Loyola, el Calazans, el Apostolado y Santa Marta.<\/span><\/p>\n<\/p>\n<h6> 2009-02-17 06:15:24 <\/h6>\n<p><!--\n<link rel=\"stylesheet\" href=\"css\/bootstrap.min.css\">\n\n\n<ul class=\"pagination\">\n\t    \n\t\n\n<li >\n\t<a href='?page_no=20570'>Previous<\/a>\n\t<\/li>\n\n\n       \n    \n\n<li><a href='?page_no=1'>1<\/a><\/li>\n\n\n\n<li><a href='?page_no=2'>2<\/a><\/li>\n\n\n\n<li><a>...<\/a><\/li>\n\n\n\n<li><a href='?page_no=20569'>20569<\/a><\/li>\n\n\n\n<li><a href='?page_no=20570'>20570<\/a><\/li>\n\n\n\n<li class='active'><a>20571<\/a><\/li>\n\n\n\n<li><a href='?page_no=20572'>20572<\/a><\/li>\n\n\n\n<li><a href='?page_no=20573'>20573<\/a><\/li>\n\n\n\n<li><a>...<\/a><\/li>\n\n\n\n<li><a href='?page_no=22522'>22522<\/a><\/li>\n\n\n\n<li><a href='?page_no=22523'>22523<\/a><\/li>\n\n    \n\t\n\n<li >\n\t<a href='?page_no=20572'>Next<\/a>\n\t<\/li>\n\n\n    \n\n<li><a href='?page_no=22523'>Last &rsaquo;&rsaquo;<\/a><\/li>\n\n<\/ul>\n\n\n--><br \/>\n<\/body><\/p>\n","protected":false},"excerpt":{"rendered":"<p>SANTO DOMINGO.-El Colegio Dominicano La Salle, se apresta a celebrar los actos conmemorativos al mes de la patria, el cual contar\u00e1 con la presencia del vicepresidente Rafael Alburquerque y del empresario Jos\u00e9 Luis Corripio. \u00abEsta es la vig\u00e9sima quinta vez que el centro educativo celebra un acto a la bandera. Ya es una tradici\u00f3n en [&hellip;]<\/p>\n","protected":false},"author":3,"featured_media":0,"comment_status":"open","ping_status":"open","sticky":false,"template":"","format":"standard","meta":{"footnotes":""},"categories":[25],"tags":[],"class_list":["post-91949","post","type-post","status-publish","format-standard","hentry","category-gente"],"_links":{"self":[{"href":"https:\/\/diariodominicano.com\/index.php?rest_route=\/wp\/v2\/posts\/91949","targetHints":{"allow":["GET"]}}],"collection":[{"href":"https:\/\/diariodominicano.com\/index.php?rest_route=\/wp\/v2\/posts"}],"about":[{"href":"https:\/\/diariodominicano.com\/index.php?rest_route=\/wp\/v2\/types\/post"}],"author":[{"embeddable":true,"href":"https:\/\/diariodominicano.com\/index.php?rest_route=\/wp\/v2\/users\/3"}],"replies":[{"embeddable":true,"href":"https:\/\/diariodominicano.com\/index.php?rest_route=%2Fwp%2Fv2%2Fcomments&post=91949"}],"version-history":[{"count":0,"href":"https:\/\/diariodominicano.com\/index.php?rest_route=\/wp\/v2\/posts\/91949\/revisions"}],"wp:attachment":[{"href":"https:\/\/diariodominicano.com\/index.php?rest_route=%2Fwp%2Fv2%2Fmedia&parent=91949"}],"wp:term":[{"taxonomy":"category","embeddable":true,"href":"https:\/\/diariodominicano.com\/index.php?rest_route=%2Fwp%2Fv2%2Fcategories&post=91949"},{"taxonomy":"post_tag","embeddable":true,"href":"https:\/\/diariodominicano.com\/index.php?rest_route=%2Fwp%2Fv2%2Ftags&post=91949"}],"curies":[{"name":"wp","href":"https:\/\/api.w.org\/{rel}","templated":true}]}}