{"id":91946,"date":"2009-02-23T17:59:39","date_gmt":"2009-02-23T17:59:39","guid":{"rendered":"http:\/\/diariodominicano.ddns.net\/?p=91946"},"modified":"2009-02-23T17:59:39","modified_gmt":"2009-02-23T17:59:39","slug":"mayury-reyna-graba-tema-como-homenaje-musical-a-selena","status":"publish","type":"post","link":"https:\/\/diariodominicano.com\/?p=91946","title":{"rendered":"M\u00e1yury Reyna  graba  tema  como  homenaje musical  a Selena"},"content":{"rendered":"<p><body><\/p>\n<p><span class=\"text1noticias\">SANTO DOMINGO, 22 DE FEBRERO 2009.-La cantante M\u00e1yury Reyna, nominada por segundo a\u00f1o consecutivo como ?Cantante Solista Femenina del A\u00f1o? para los Premios Casandra, de Acroarte,  lanz\u00f3 un nuevo tema, el cual grab\u00f3 como un homenaje de recordaci\u00f3n  a la popular cantante tejana  Selena, de origen  mexicano, desaparecida a destiempo en momentos en que su carrera se encontraba  en los mayores niveles de popularidad.<\/span><\/p>\n<\/p>\n<p><span class=\"text1noticias\">Se trata del tema  ?La Llamada?, de la autor\u00eda de    Pete Astudillo  y  A.B. Quintanilla, cuyos arreglos y musicalizaci\u00f3n,  a ritmos de reguet\u00f3n\/tex mex, son  de Mariano Lantigua y Herodis Ure\u00f1a.<\/span><\/p>\n<\/p>\n<p><span class=\"text1noticias\">M\u00e1yury Reyna  explica  que desde ni\u00f1a fue una fiel seguidora de Selena, por lo que ahora cumple una vieja aspiraci\u00f3n de grabar una de sus canciones como un bonito recordatorio de una cantante que se gan\u00f3 el coraz\u00f3n no s\u00f3lo de los j\u00f3venes de ese  tiempo, sino de los ni\u00f1os, como fue  su caso.<\/span><\/p>\n<\/p>\n<p><span class=\"text1noticias\">?Los arreglos son muy modernos tomando en cuenta los nuevos vientos  r\u00edtmicos que soplan  en estos momentos no s\u00f3lo en el pa\u00eds sino a nivel  internacional?, coment\u00f3 Herodis Ure\u00f1a al  ponderar  la calidad interpretativa y musical  del nuevo tema de M\u00e1yury Reyna.<\/span><\/p>\n<\/p>\n<p><span class=\"text1noticias\">Dijo esperar  que  las novedades aplicadas al tema de Selena  sea bien recibida por la juventud de hoy, muchos de los cuales no tuvieron la oportunidad de disfrutar los tiempos de apogeos de la carism\u00e1tica artista nativa de Texas, pero de origen  mexicano.<\/span><\/p>\n<\/p>\n<p><span class=\"text1noticias\">De su parte, M\u00e1yury Reyna  dijo que para ella constituye un verdadero honor hacer un homenaje musical para una de sus artistas preferidas, y que resulta un   sue\u00f1o hecho realidad  incluir en su repertorio una canci\u00f3n de Selena. ?Lo hicimos con mucho amor, respeto y admiraci\u00f3n, con el \u00fanico inter\u00e9s de  renovar su recuerdo entre los ni\u00f1os de ayer que hoy son j\u00f3venes como nosotros?, coment\u00f3 la nominada ?Cantante Solista Femenina del 2008?, para los Premios Casandra.<\/span><\/p>\n<h6> 2009-02-23 17:59:39 <\/h6>\n<p><!--\n<link rel=\"stylesheet\" href=\"css\/bootstrap.min.css\">\n\n\n<ul class=\"pagination\">\n\t    \n\t\n\n<li >\n\t<a href='?page_no=20567'>Previous<\/a>\n\t<\/li>\n\n\n       \n    \n\n<li><a href='?page_no=1'>1<\/a><\/li>\n\n\n\n<li><a href='?page_no=2'>2<\/a><\/li>\n\n\n\n<li><a>...<\/a><\/li>\n\n\n\n<li><a href='?page_no=20566'>20566<\/a><\/li>\n\n\n\n<li><a href='?page_no=20567'>20567<\/a><\/li>\n\n\n\n<li class='active'><a>20568<\/a><\/li>\n\n\n\n<li><a href='?page_no=20569'>20569<\/a><\/li>\n\n\n\n<li><a href='?page_no=20570'>20570<\/a><\/li>\n\n\n\n<li><a>...<\/a><\/li>\n\n\n\n<li><a href='?page_no=22522'>22522<\/a><\/li>\n\n\n\n<li><a href='?page_no=22523'>22523<\/a><\/li>\n\n    \n\t\n\n<li >\n\t<a href='?page_no=20569'>Next<\/a>\n\t<\/li>\n\n\n    \n\n<li><a href='?page_no=22523'>Last &rsaquo;&rsaquo;<\/a><\/li>\n\n<\/ul>\n\n\n--><br \/>\n<\/body><\/p>\n","protected":false},"excerpt":{"rendered":"<p>SANTO DOMINGO, 22 DE FEBRERO 2009.-La cantante M\u00e1yury Reyna, nominada por segundo a\u00f1o consecutivo como ?Cantante Solista Femenina del A\u00f1o? para los Premios Casandra, de Acroarte, lanz\u00f3 un nuevo tema, el cual grab\u00f3 como un homenaje de recordaci\u00f3n a la popular cantante tejana Selena, de origen mexicano, desaparecida a destiempo en momentos en que su [&hellip;]<\/p>\n","protected":false},"author":3,"featured_media":0,"comment_status":"open","ping_status":"open","sticky":false,"template":"","format":"standard","meta":{"footnotes":""},"categories":[25],"tags":[],"class_list":["post-91946","post","type-post","status-publish","format-standard","hentry","category-gente"],"_links":{"self":[{"href":"https:\/\/diariodominicano.com\/index.php?rest_route=\/wp\/v2\/posts\/91946","targetHints":{"allow":["GET"]}}],"collection":[{"href":"https:\/\/diariodominicano.com\/index.php?rest_route=\/wp\/v2\/posts"}],"about":[{"href":"https:\/\/diariodominicano.com\/index.php?rest_route=\/wp\/v2\/types\/post"}],"author":[{"embeddable":true,"href":"https:\/\/diariodominicano.com\/index.php?rest_route=\/wp\/v2\/users\/3"}],"replies":[{"embeddable":true,"href":"https:\/\/diariodominicano.com\/index.php?rest_route=%2Fwp%2Fv2%2Fcomments&post=91946"}],"version-history":[{"count":0,"href":"https:\/\/diariodominicano.com\/index.php?rest_route=\/wp\/v2\/posts\/91946\/revisions"}],"wp:attachment":[{"href":"https:\/\/diariodominicano.com\/index.php?rest_route=%2Fwp%2Fv2%2Fmedia&parent=91946"}],"wp:term":[{"taxonomy":"category","embeddable":true,"href":"https:\/\/diariodominicano.com\/index.php?rest_route=%2Fwp%2Fv2%2Fcategories&post=91946"},{"taxonomy":"post_tag","embeddable":true,"href":"https:\/\/diariodominicano.com\/index.php?rest_route=%2Fwp%2Fv2%2Ftags&post=91946"}],"curies":[{"name":"wp","href":"https:\/\/api.w.org\/{rel}","templated":true}]}}