{"id":91945,"date":"2009-02-23T20:04:31","date_gmt":"2009-02-23T20:04:31","guid":{"rendered":"http:\/\/diariodominicano.ddns.net\/?p=91945"},"modified":"2009-02-23T20:04:31","modified_gmt":"2009-02-23T20:04:31","slug":"unphu-presenta-gran-premio-de-la-ix-bienal-internacional-de-arquitectura","status":"publish","type":"post","link":"https:\/\/diariodominicano.com\/?p=91945","title":{"rendered":"UNPHU presenta gran premio de la IX Bienal Internacional de Arquitectura."},"content":{"rendered":"<p><body><\/p>\n<p><span class=\"text1noticias\">Es un museo dedicado a la Cofrad\u00eda de Los congos de VM<\/span><\/p>\n<\/p>\n<p><span class=\"text1noticias\">SANTO DOMINGO.- Dentro de la celebraci\u00f3n de su actividad UNPHU- Bienvenida al Semestre, La Universidad Nacional Pedro Henr\u00edquez Ure\u00f1a,  present\u00f3 el proyecto ganador del Gran Premio de la IX Bienal Internacional de Arquitectura de Santo Domingo.<\/span><\/p>\n<\/p>\n<p><span class=\"text1noticias\">El acto fue celebrado en el Auditorio Horacio \u00c1lvarez, y encabezado por el Rector de la UNPHU Arq. Miguel Fiallo Calder\u00f3n. Adem\u00e1s estuvieron presentes el Decano de la Facultad de Arquitectura, Arq. Omar Rancier; el director de esta carrera, Arq. Jos\u00e9 Constanzo; los miembros del Comit\u00e9 Ejecutivo de la Federaci\u00f3n Caribe\u00f1a de Asociaciones de Arquitectos, as\u00ed como medios de comunicaci\u00f3n, estudiantes, profesores, egresados, y relacionados. <\/span><\/p>\n<\/p>\n<p><span class=\"text1noticias\">Los arquitectos Juan Mubarak y Mauricia Dom\u00ednguez egresados de la UNPHU de la carrera y de la Maestr\u00eda de Arquitectura Tropical Caribe\u00f1a, y actualmente profesores, fueron los creadores del proyecto, el cual es un Museo dedicado a la Cofrad\u00eda del Esp\u00edritu Santo de los Congos de Villa Mella. Tambi\u00e9n Joel Abre \/Rub\u00e9n Hern\u00e1ndez fueron como del mismo. <\/span><\/p>\n<\/p>\n<p><span class=\"text1noticias\">La introducci\u00f3n del acto estuvo a cargo del Sr. Carlos Hern\u00e1ndez, (Exdirector del Museo del Hombre Dominicano) y la Presentaci\u00f3n del Proyecto Museo, estuvo a cargo de los arq. Juan Mubarak y Mauricia Dom\u00ednguez. <\/span><\/p>\n<\/p>\n<p><span class=\"text1noticias\">Como homenaje a los profesores ganadores se ofrecieron detalles tanto del proyecto como de sus curr\u00edculos. De igual forma el p\u00fablico disfrut\u00f3 de la m\u00fasica de la misma cofrad\u00eda, los cuales tambi\u00e9n recibieron un reconocimiento especial, y de la Rondalla de la instituci\u00f3n. <\/span><\/p>\n<\/p>\n<p><span class=\"text1noticias\">Del trabajo premiado:<\/span><\/p>\n<\/p>\n<p><span class=\"text1noticias\">Es un proyecto denominado ?Centro Cultural Cofrad\u00eda Esp\u00edritu Santo de Los Congos de Villamella por encargo de la Secretaria de Cultura \/ Subsecretaria de Patrimonio Cultural. <\/span><\/p>\n<\/p>\n<p><span class=\"text1noticias\">El proyecto adem\u00e1s result\u00f3 ganador de Menci\u00f3n de Honor en la Bienal del Caribe en octubre del 2007.<\/span><\/p>\n<\/p>\n<p><span class=\"text1noticias\">Este museo servir\u00e1 como lugar de trabajo de la Cofrad\u00eda, en los talleres que ellos realizan (manualidades, canto, bailes populares y alabanzas al Esp\u00edritu Santo) y como muestra permanente de la Cofrad\u00eda y su historia.<\/span><\/p>\n<\/p>\n<p><span class=\"text1noticias\">La Cofrad\u00eda del Esp\u00edritu Santo de los Congos de Villa Mella fue declarada como Patrimonio Intangible de la Humanidad (por la UNESCO en mayo del 2001). Han llevado su cultura y m\u00fasica a diferentes partes del mundo como embajadores culturales dominicanos<\/span><\/p>\n<\/p>\n<p><span class=\"text1noticias\">De la cofrad\u00eda:<\/span><\/p>\n<\/p>\n<p><span class=\"text1noticias\">La cofrad\u00eda corresponde a una expresi\u00f3n cultural popular y tradicional de valor perdurable desde el punto de vista hist\u00f3rico, ling\u00fc\u00edstico o literario (UNESCO). Se consideran como un testimonio singular de una tradici\u00f3n cultural viviente.<\/span><\/p>\n<\/p>\n<p><span class=\"text1noticias\">La cofrad\u00eda es una confraternidad (en sus or\u00edgenes descendientes de esclavos negros) o hermandad compuesta principalmente por un conjunto de m\u00fasicos tocadores de instrumentos denominados ?congos? ( el palo o congo mayor, el palo menor o conguito, la canoita y las maracas), unidos al Esp\u00edritu Santo y entre s\u00ed con lazos de parentesco espiritual. <\/span><\/p>\n<\/p>\n<p><span class=\"text1noticias\">Es un remanente de los grupos afroamericanos denominados ? Congos?, organizados en reinados a la manera de los reyes del Congo y de Angola. La Cofrad\u00eda tiene un rey y un capit\u00e1n. En la fiesta de su patrono, el Esp\u00edritu Santo, cada comunidad participante, nombra sus reyes. Adem\u00e1s de la influencia congo-angole\u00f1a y del antiguo reino de Dahomey, hoy Ben\u00edn, la Cofrad\u00eda tiene influencia de la pen\u00ednsula ib\u00e9rica.<\/span><\/p>\n<\/p>\n<p><span class=\"text1noticias\">?Su funci\u00f3n principal es doble: celebrar debidamente, tocando y cantando sus ?veinti\u00fan? toques, en las fiestas del Esp\u00edritu Santo y de la Virgen del Rosario, Patrona y Copatrona, respectivamente de Villa Mella, y celebrar conforme a la costumbre los ritos funerales de sus socios y, por extensi\u00f3n, de las personas difuntas ligadas a la tradici\u00f3n de los congos. <\/span><\/p>\n<h6> 2009-02-23 20:04:31 <\/h6>\n<p><!--\n<link rel=\"stylesheet\" href=\"css\/bootstrap.min.css\">\n\n\n<ul class=\"pagination\">\n\t    \n\t\n\n<li >\n\t<a href='?page_no=20566'>Previous<\/a>\n\t<\/li>\n\n\n       \n    \n\n<li><a href='?page_no=1'>1<\/a><\/li>\n\n\n\n<li><a href='?page_no=2'>2<\/a><\/li>\n\n\n\n<li><a>...<\/a><\/li>\n\n\n\n<li><a href='?page_no=20565'>20565<\/a><\/li>\n\n\n\n<li><a href='?page_no=20566'>20566<\/a><\/li>\n\n\n\n<li class='active'><a>20567<\/a><\/li>\n\n\n\n<li><a href='?page_no=20568'>20568<\/a><\/li>\n\n\n\n<li><a href='?page_no=20569'>20569<\/a><\/li>\n\n\n\n<li><a>...<\/a><\/li>\n\n\n\n<li><a href='?page_no=22522'>22522<\/a><\/li>\n\n\n\n<li><a href='?page_no=22523'>22523<\/a><\/li>\n\n    \n\t\n\n<li >\n\t<a href='?page_no=20568'>Next<\/a>\n\t<\/li>\n\n\n    \n\n<li><a href='?page_no=22523'>Last &rsaquo;&rsaquo;<\/a><\/li>\n\n<\/ul>\n\n\n--><br \/>\n<\/body><\/p>\n","protected":false},"excerpt":{"rendered":"<p>Es un museo dedicado a la Cofrad\u00eda de Los congos de VM SANTO DOMINGO.- Dentro de la celebraci\u00f3n de su actividad UNPHU- Bienvenida al Semestre, La Universidad Nacional Pedro Henr\u00edquez Ure\u00f1a, present\u00f3 el proyecto ganador del Gran Premio de la IX Bienal Internacional de Arquitectura de Santo Domingo. El acto fue celebrado en el Auditorio [&hellip;]<\/p>\n","protected":false},"author":3,"featured_media":0,"comment_status":"open","ping_status":"open","sticky":false,"template":"","format":"standard","meta":{"footnotes":""},"categories":[25],"tags":[],"class_list":["post-91945","post","type-post","status-publish","format-standard","hentry","category-gente"],"_links":{"self":[{"href":"https:\/\/diariodominicano.com\/index.php?rest_route=\/wp\/v2\/posts\/91945","targetHints":{"allow":["GET"]}}],"collection":[{"href":"https:\/\/diariodominicano.com\/index.php?rest_route=\/wp\/v2\/posts"}],"about":[{"href":"https:\/\/diariodominicano.com\/index.php?rest_route=\/wp\/v2\/types\/post"}],"author":[{"embeddable":true,"href":"https:\/\/diariodominicano.com\/index.php?rest_route=\/wp\/v2\/users\/3"}],"replies":[{"embeddable":true,"href":"https:\/\/diariodominicano.com\/index.php?rest_route=%2Fwp%2Fv2%2Fcomments&post=91945"}],"version-history":[{"count":0,"href":"https:\/\/diariodominicano.com\/index.php?rest_route=\/wp\/v2\/posts\/91945\/revisions"}],"wp:attachment":[{"href":"https:\/\/diariodominicano.com\/index.php?rest_route=%2Fwp%2Fv2%2Fmedia&parent=91945"}],"wp:term":[{"taxonomy":"category","embeddable":true,"href":"https:\/\/diariodominicano.com\/index.php?rest_route=%2Fwp%2Fv2%2Fcategories&post=91945"},{"taxonomy":"post_tag","embeddable":true,"href":"https:\/\/diariodominicano.com\/index.php?rest_route=%2Fwp%2Fv2%2Ftags&post=91945"}],"curies":[{"name":"wp","href":"https:\/\/api.w.org\/{rel}","templated":true}]}}