{"id":91943,"date":"2009-02-23T22:22:02","date_gmt":"2009-02-23T22:22:02","guid":{"rendered":"http:\/\/diariodominicano.ddns.net\/?p=91943"},"modified":"2009-02-23T22:22:02","modified_gmt":"2009-02-23T22:22:02","slug":"eras-diseno-grafico-celebro-relanzamiento-de-sus-instalaciones","status":"publish","type":"post","link":"https:\/\/diariodominicano.com\/?p=91943","title":{"rendered":"\u00abERAS, Dise\u00f1o Gr\u00e1fico\u00bb Celebr\u00f3 relanzamiento de sus instalaciones."},"content":{"rendered":"<p><body><\/p>\n<p><span class=\"text1noticias\">Con la finalidad de estar a la vanguardia y ofrecer a sus clientes un servicio de calidad acorde con los tiempos, la empresa \u00abEras, Dise\u00f1o Gr\u00e1fico\u00bb, celebr\u00f3 junto a su equipo de trabajo el relanzamiento de las instalaciones de la compa\u00f1\u00eda. <\/span><\/p>\n<\/p>\n<p><span class=\"text1noticias\">La propietaria, Euselandia Alc\u00e1ntara, quien tuvo a cargo las palabras de bienvenida, expres\u00f3 sentirse satisfecha de ver la manera en como la empresa, dedicada desde hace ocho a\u00f1os a la creaci\u00f3n de dise\u00f1os gr\u00e1ficos en general e identidad corporativa, manejo de campa\u00f1as publicitarias, desarrollo de portales  y soluciones promocionales, se ha consolidado en el mercado dominicano. <\/span><\/p>\n<\/p>\n<p><span class=\"text1noticias\">\u00abEste encuentro es oportuno, para agradecer primero al creador, a mi equipo y por supuesto a los clientes, el apoyo y la confianza en el servicio que con amor y calidad tratamos siempre de brindar en el d\u00eda a d\u00eda\u00bb, fueron las emotivas palabras de la anfitriona.  <\/span><\/p>\n<\/p>\n<p><span class=\"text1noticias\">El acto de relanzamiento cont\u00f3 con la presencia del Pastor Fernando Ortiz, quien bendijo las remozadas instalaciones de la empresa y a todo el personal que ha sido parte del crecimiento de la misma.<\/span><\/p>\n<\/p>\n<p><span class=\"text1noticias\">Durante el desarrollo de la recepci\u00f3n, realizada en el local de Eras, Dise\u00f1o Gr\u00e1fico, ubicado en la Plaza Johanna de la avenida N\u00fa\u00f1ez de C\u00e1ceres, los invitados compartieron y disfrutaron de un ambiente ameno junto a la anfitriona, empleados y relacionados.   <\/span><\/p>\n<h6> 2009-02-23 22:22:02 <\/h6>\n<p><!--\n<link rel=\"stylesheet\" href=\"css\/bootstrap.min.css\">\n\n\n<ul class=\"pagination\">\n\t    \n\t\n\n<li >\n\t<a href='?page_no=20564'>Previous<\/a>\n\t<\/li>\n\n\n       \n    \n\n<li><a href='?page_no=1'>1<\/a><\/li>\n\n\n\n<li><a href='?page_no=2'>2<\/a><\/li>\n\n\n\n<li><a>...<\/a><\/li>\n\n\n\n<li><a href='?page_no=20563'>20563<\/a><\/li>\n\n\n\n<li><a href='?page_no=20564'>20564<\/a><\/li>\n\n\n\n<li class='active'><a>20565<\/a><\/li>\n\n\n\n<li><a href='?page_no=20566'>20566<\/a><\/li>\n\n\n\n<li><a href='?page_no=20567'>20567<\/a><\/li>\n\n\n\n<li><a>...<\/a><\/li>\n\n\n\n<li><a href='?page_no=22522'>22522<\/a><\/li>\n\n\n\n<li><a href='?page_no=22523'>22523<\/a><\/li>\n\n    \n\t\n\n<li >\n\t<a href='?page_no=20566'>Next<\/a>\n\t<\/li>\n\n\n    \n\n<li><a href='?page_no=22523'>Last &rsaquo;&rsaquo;<\/a><\/li>\n\n<\/ul>\n\n\n--><br \/>\n<\/body><\/p>\n","protected":false},"excerpt":{"rendered":"<p>Con la finalidad de estar a la vanguardia y ofrecer a sus clientes un servicio de calidad acorde con los tiempos, la empresa \u00abEras, Dise\u00f1o Gr\u00e1fico\u00bb, celebr\u00f3 junto a su equipo de trabajo el relanzamiento de las instalaciones de la compa\u00f1\u00eda. La propietaria, Euselandia Alc\u00e1ntara, quien tuvo a cargo las palabras de bienvenida, expres\u00f3 sentirse [&hellip;]<\/p>\n","protected":false},"author":3,"featured_media":0,"comment_status":"open","ping_status":"open","sticky":false,"template":"","format":"standard","meta":{"footnotes":""},"categories":[25],"tags":[],"class_list":["post-91943","post","type-post","status-publish","format-standard","hentry","category-gente"],"_links":{"self":[{"href":"https:\/\/diariodominicano.com\/index.php?rest_route=\/wp\/v2\/posts\/91943","targetHints":{"allow":["GET"]}}],"collection":[{"href":"https:\/\/diariodominicano.com\/index.php?rest_route=\/wp\/v2\/posts"}],"about":[{"href":"https:\/\/diariodominicano.com\/index.php?rest_route=\/wp\/v2\/types\/post"}],"author":[{"embeddable":true,"href":"https:\/\/diariodominicano.com\/index.php?rest_route=\/wp\/v2\/users\/3"}],"replies":[{"embeddable":true,"href":"https:\/\/diariodominicano.com\/index.php?rest_route=%2Fwp%2Fv2%2Fcomments&post=91943"}],"version-history":[{"count":0,"href":"https:\/\/diariodominicano.com\/index.php?rest_route=\/wp\/v2\/posts\/91943\/revisions"}],"wp:attachment":[{"href":"https:\/\/diariodominicano.com\/index.php?rest_route=%2Fwp%2Fv2%2Fmedia&parent=91943"}],"wp:term":[{"taxonomy":"category","embeddable":true,"href":"https:\/\/diariodominicano.com\/index.php?rest_route=%2Fwp%2Fv2%2Fcategories&post=91943"},{"taxonomy":"post_tag","embeddable":true,"href":"https:\/\/diariodominicano.com\/index.php?rest_route=%2Fwp%2Fv2%2Ftags&post=91943"}],"curies":[{"name":"wp","href":"https:\/\/api.w.org\/{rel}","templated":true}]}}