{"id":91939,"date":"2009-02-24T16:28:40","date_gmt":"2009-02-24T16:28:40","guid":{"rendered":"http:\/\/diariodominicano.ddns.net\/?p=91939"},"modified":"2009-02-24T16:28:40","modified_gmt":"2009-02-24T16:28:40","slug":"alfareros-inaugura-xx-feria-del-libro-catolico","status":"publish","type":"post","link":"https:\/\/diariodominicano.com\/?p=91939","title":{"rendered":"Alfareros inaugura \u00abXX Feria del Libro Cat\u00f3lico\u00bb"},"content":{"rendered":"<p><body><\/p>\n<p><span class=\"text1noticias\">Santo Domingo, Rep\u00fablica Dominicana.- La agrupaci\u00f3n Alfareros se presenta este s\u00e1bado 28 de febrero en el auditorio de Casa San Pablo totalmente gratis en la inauguraci\u00f3n de La XX Feria del Libro Cat\u00f3lico 09  a partir de las 7:00 de la noche.<\/span><\/p>\n<p><span class=\"text1noticias\">       <\/span><\/p>\n<p><span class=\"text1noticias\">Los int\u00e9rpretes de \u00abPa lante\u00bb, llegan al pa\u00eds luego de agotar una extensa gira llamada \u00abDe bendici\u00f3n en Bendici\u00f3n 09\u00bb que los llev\u00f3 por varios continentes donde cosecharon \u00e9xitos de gran valor para la proyecci\u00f3n de su carrera internacional<\/span><\/p>\n<p><span class=\"text1noticias\"> <\/span><\/p>\n<p><span class=\"text1noticias\">\u00abNos sentimos alagados que nuevamente nos tomen para abrir la principal feria de la literatura cat\u00f3lica del pa\u00eds, expres\u00f3 Lanky Guerrero, manager de la banda dominicana, refiri\u00e9ndose al concierto que dar\u00e1n el s\u00e1bado en la noche, cual marcar\u00e1 el inicio de la edici\u00f3n numero veinte de dicha feria.<\/span><\/p>\n<p><span class=\"text1noticias\"> <\/span><\/p>\n<p><span class=\"text1noticias\">Recordemos que la popularidad local de Alfareros es sin duda alguna extraordinaria ya que ostentan el record de ser la primera y \u00fanica agrupaci\u00f3n cat\u00f3lica en presentarse a casa llena en el 2005 en el dif\u00edcil escenario de Altos de Chav\u00f3n.<\/span><\/p>\n<p><span class=\"text1noticias\"> <\/span><\/p>\n<p><span class=\"text1noticias\">Los int\u00e9rpretes de \u00abHagan lo que El les dice\u00bb, fueron los primeros en ganar el premio Casandra como agrupaci\u00f3n de m\u00fasica cristiana contempor\u00e1nea ese mismo a\u00f1o.<\/span><\/p>\n<p><span class=\"text1noticias\"> <\/span><\/p>\n<p><span class=\"text1noticias\">Luego de su presentaci\u00f3n en la Feria del Libro Cat\u00f3lico este s\u00e1bado parten hacia Puerto Rico donde estar\u00e1n agotando una gira promocional.<\/span><\/p>\n<p><span class=\"text1noticias\"> <\/span><\/p>\n<p><span class=\"text1noticias\">\u00abDe Bendici\u00f3n en Bendici\u00f3n\u00bb, su m\u00e1s reciente producci\u00f3n propici\u00f3 un tour por Latinoam\u00e9rica, Estados <\/span><\/p>\n<p><span class=\"text1noticias\">Unidos y Europa, con presentaciones en Puerto Rico, Venezuela, M\u00e9xico, El Salvador, Miami, New York, Los Angeles, Boston y Espa\u00f1a. <\/span><\/p>\n<p><span class=\"text1noticias\"> <\/span><\/p>\n<p><span class=\"text1noticias\">La banda formada en 1995, en La Romana, al Este de Rep\u00fablica Dominicana, cuenta con 5 producciones: \u00abUn canto nuevo\u00bb (1995), \u00abHagan lo que El les dice\u00bb (1997), \u00abPa lante\u00bb (2000), \u00abHa llegado el d\u00eda\u00bb (2004) y \u00abDe Bendici\u00f3n en Bendici\u00f3n\u00bb, (2008). <\/span><\/p>\n<p><span class=\"text1noticias\"> <\/span><\/p>\n<p><span class=\"text1noticias\">Sus m\u00e1s renombrados \u00e9xitos son \u00abPa lante\u00bb, \u00abBeepeame\u00bb, \u00abMira lo que hizo\u00bb, \u00abSigno de Cristo\u00bb y \u00abTe voy a Adorar\u00bb. <\/span><\/p>\n<p><span class=\"text1noticias\"> <\/span><\/p>\n<p><span class=\"text1noticias\">Alfareros est\u00e1 compuesto por Ferm\u00edn Amador, Gina Cabrera, Jenny Betances y Altermio Vargas, dirigidos musicalmente por Junior Cabrera.<\/span><\/p>\n<h6> 2009-02-24 16:28:40 <\/h6>\n<p><!--\n<link rel=\"stylesheet\" href=\"css\/bootstrap.min.css\">\n\n\n<ul class=\"pagination\">\n\t    \n\t\n\n<li >\n\t<a href='?page_no=20560'>Previous<\/a>\n\t<\/li>\n\n\n       \n    \n\n<li><a href='?page_no=1'>1<\/a><\/li>\n\n\n\n<li><a href='?page_no=2'>2<\/a><\/li>\n\n\n\n<li><a>...<\/a><\/li>\n\n\n\n<li><a href='?page_no=20559'>20559<\/a><\/li>\n\n\n\n<li><a href='?page_no=20560'>20560<\/a><\/li>\n\n\n\n<li class='active'><a>20561<\/a><\/li>\n\n\n\n<li><a href='?page_no=20562'>20562<\/a><\/li>\n\n\n\n<li><a href='?page_no=20563'>20563<\/a><\/li>\n\n\n\n<li><a>...<\/a><\/li>\n\n\n\n<li><a href='?page_no=22522'>22522<\/a><\/li>\n\n\n\n<li><a href='?page_no=22523'>22523<\/a><\/li>\n\n    \n\t\n\n<li >\n\t<a href='?page_no=20562'>Next<\/a>\n\t<\/li>\n\n\n    \n\n<li><a href='?page_no=22523'>Last &rsaquo;&rsaquo;<\/a><\/li>\n\n<\/ul>\n\n\n--><br \/>\n<\/body><\/p>\n","protected":false},"excerpt":{"rendered":"<p>Santo Domingo, Rep\u00fablica Dominicana.- La agrupaci\u00f3n Alfareros se presenta este s\u00e1bado 28 de febrero en el auditorio de Casa San Pablo totalmente gratis en la inauguraci\u00f3n de La XX Feria del Libro Cat\u00f3lico 09 a partir de las 7:00 de la noche. Los int\u00e9rpretes de \u00abPa lante\u00bb, llegan al pa\u00eds luego de agotar una extensa [&hellip;]<\/p>\n","protected":false},"author":3,"featured_media":0,"comment_status":"open","ping_status":"open","sticky":false,"template":"","format":"standard","meta":{"footnotes":""},"categories":[25],"tags":[],"class_list":["post-91939","post","type-post","status-publish","format-standard","hentry","category-gente"],"_links":{"self":[{"href":"https:\/\/diariodominicano.com\/index.php?rest_route=\/wp\/v2\/posts\/91939","targetHints":{"allow":["GET"]}}],"collection":[{"href":"https:\/\/diariodominicano.com\/index.php?rest_route=\/wp\/v2\/posts"}],"about":[{"href":"https:\/\/diariodominicano.com\/index.php?rest_route=\/wp\/v2\/types\/post"}],"author":[{"embeddable":true,"href":"https:\/\/diariodominicano.com\/index.php?rest_route=\/wp\/v2\/users\/3"}],"replies":[{"embeddable":true,"href":"https:\/\/diariodominicano.com\/index.php?rest_route=%2Fwp%2Fv2%2Fcomments&post=91939"}],"version-history":[{"count":0,"href":"https:\/\/diariodominicano.com\/index.php?rest_route=\/wp\/v2\/posts\/91939\/revisions"}],"wp:attachment":[{"href":"https:\/\/diariodominicano.com\/index.php?rest_route=%2Fwp%2Fv2%2Fmedia&parent=91939"}],"wp:term":[{"taxonomy":"category","embeddable":true,"href":"https:\/\/diariodominicano.com\/index.php?rest_route=%2Fwp%2Fv2%2Fcategories&post=91939"},{"taxonomy":"post_tag","embeddable":true,"href":"https:\/\/diariodominicano.com\/index.php?rest_route=%2Fwp%2Fv2%2Ftags&post=91939"}],"curies":[{"name":"wp","href":"https:\/\/api.w.org\/{rel}","templated":true}]}}