{"id":91938,"date":"2009-02-24T16:39:48","date_gmt":"2009-02-24T16:39:48","guid":{"rendered":"http:\/\/diariodominicano.ddns.net\/?p=91938"},"modified":"2009-02-24T16:39:48","modified_gmt":"2009-02-24T16:39:48","slug":"anuncian-el-cierre-de-incripcion-del-premio-cemex-fundacion-nuevo-periodismo-iberoamericano","status":"publish","type":"post","link":"https:\/\/diariodominicano.com\/?p=91938","title":{"rendered":"ANUNCIAN EL CIERRE DE INCRIPCION DEL PREMIO CEMEX FUNDACION NUEVO PERIODISMO IBEROAMERICANO"},"content":{"rendered":"<p><body><\/p>\n<p><span class=\"text1noticias\">Los periodistas interesados tendr\u00e1n la oportunidad de inscribirse solo hasta el pr\u00f3ximo s\u00e1bado 28 de febrero, que es la fecha l\u00edmite para registrar sus propuestas <\/span><\/p>\n<\/p>\n<p><span class=\"text1noticias\">Santo Domingo. CEMEX-Fundaci\u00f3n Nuevo Periodismo Iberoamericano anima a los periodistas interesados en participar a preparar sus propuestas y registrarse v\u00eda internet, ya que quedan pocos d\u00edas para el cierre de inscripci\u00f3n al Premio CEMEX-Fundaci\u00f3n Nuevo Periodismo Iberoamericano. <\/span><\/p>\n<\/p>\n<p><span class=\"text1noticias\">La inscripci\u00f3n se puede realizar por v\u00eda electr\u00f3nica, a trav\u00e9s del Web Site  www.fnpi.org www.nuevoperiodismo.org en la secci\u00f3n donde hace referencia al premio. En esta entrega se premiar\u00e1 los mejores trabajos period\u00edsticos en las categor\u00edas de Internet, Radio y Televisi\u00f3n, publicados en Iberoam\u00e9rica difundidos y realizados originalmente en espa\u00f1ol o portugu\u00e9s, entre el 1 de enero de 2007 y el 31 de diciembre del 2008. <\/span><\/p>\n<\/p>\n<p><span class=\"text1noticias\">El participante encontrar\u00e1 todos los detalles relacionados con dicho certamen, como son la hoja de inscripci\u00f3n para cada modalidad y categor\u00eda, las bases del concurso y trabajos ganadores y nominados de anteriores convocatorias.<\/span><\/p>\n<\/p>\n<p><span class=\"text1noticias\">La fecha l\u00edmite de inscripci\u00f3n es el pr\u00f3ximo 28 de febrero,  y para env\u00edo de propuestas el 3 de marzo de este a\u00f1o 2009. Esta octava convocatoria propone adem\u00e1s como es habitual, Homenaje a un experimentado maestro del periodismo en la regi\u00f3n<\/span><\/p>\n<\/p>\n<p><span class=\"text1noticias\">Este certamen, que cada a\u00f1o destaca lo mejor del periodismo en sus diferentes vertientes, se realiza de manera conjunta con la Fundaci\u00f3n Nuevo Periodismo Iberoamericano, la cual dirige el escritor y periodista Gabriel Garc\u00eda M\u00e1rquez  y forma parte de programa global de responsabilidad social corporativa creado por CEMEX.  <\/span><\/p>\n<\/p>\n<p><span class=\"text1noticias\">Los criterios de evaluaci\u00f3n a los trabajos concursantes para escoger los finalistas y el ganador,  se regir\u00e1n por la calidad narrativa, investigaci\u00f3n original de los hechos, tratamiento de la informaci\u00f3n en profundidad, valores \u00e9ticos profesionales reflejados en el trabajo y el aprovechamiento creativo de los recursos de cada medio, seg\u00fan la categor\u00eda. <\/span><\/p>\n<\/p>\n<p><span class=\"text1noticias\">El jurado de cada categor\u00eda, reunido en Cartagena de Indias (Colombia), nominar\u00e1 los cinco mejores trabajos y a continuaci\u00f3n elegir\u00e1 entre estos a un ganador que recibir\u00e1 25 mil d\u00f3lares. Los ganadores y nominados viajar\u00e1n a Monterrey, M\u00e9xico, para recibir el galard\u00f3n junto con los nominados a quienes se les entrega un reconocimiento especial.<\/span><\/p>\n<\/p>\n<p><span class=\"text1noticias\">Este a\u00f1o tambi\u00e9n est\u00e1 disponible la postulaci\u00f3n para candidatos en la modalidad de Homenaje, con un gran premio de US$30 mil.  Esta categor\u00eda es escogida por el Consejo Rector del Premio, que es la m\u00e1xima autoridad y est\u00e1 conformado por trece maestros del periodismo entre los que se cuentan Alma Guillermo Prieto, Tom\u00e1s Eloy Mart\u00ednez, Sergio Ram\u00edrez y Javier Dar\u00edo Restrepo.<\/span><\/p>\n<\/p>\n<p><span class=\"text1noticias\">El Premio Nuevo Periodismo Iberoamericano se viene realizando hace ocho a\u00f1os desde que fue creado por una alianza, entre la Fundaci\u00f3n Nuevo Periodismo Iberoamericano (FNPI) y CEMEX, representadas por Gabriel Garc\u00eda M\u00e1rquez y Lorenzo H. Zambrano, respectivamente. Uno de los objetivos del galard\u00f3n,  es darles un reconocimiento a los periodistas de Iberoam\u00e9rica  y entregarles un mensaje de mejoramiento profesional.<\/span><\/p>\n<\/p>\n<p><span class=\"text1noticias\">Mayor informaci\u00f3n de participaci\u00f3n pueden comunicarse a premio@fnpi.org y\/o  MG Public Relations (809-381-0885 Ext. 33). El per\u00edodo de recepci\u00f3n de documentos es hasta el 3 de marzo del 2009.<\/span><\/p>\n<h6> 2009-02-24 16:39:48 <\/h6>\n<p><!--\n<link rel=\"stylesheet\" href=\"css\/bootstrap.min.css\">\n\n\n<ul class=\"pagination\">\n\t    \n\t\n\n<li >\n\t<a href='?page_no=20559'>Previous<\/a>\n\t<\/li>\n\n\n       \n    \n\n<li><a href='?page_no=1'>1<\/a><\/li>\n\n\n\n<li><a href='?page_no=2'>2<\/a><\/li>\n\n\n\n<li><a>...<\/a><\/li>\n\n\n\n<li><a href='?page_no=20558'>20558<\/a><\/li>\n\n\n\n<li><a href='?page_no=20559'>20559<\/a><\/li>\n\n\n\n<li class='active'><a>20560<\/a><\/li>\n\n\n\n<li><a href='?page_no=20561'>20561<\/a><\/li>\n\n\n\n<li><a href='?page_no=20562'>20562<\/a><\/li>\n\n\n\n<li><a>...<\/a><\/li>\n\n\n\n<li><a href='?page_no=22522'>22522<\/a><\/li>\n\n\n\n<li><a href='?page_no=22523'>22523<\/a><\/li>\n\n    \n\t\n\n<li >\n\t<a href='?page_no=20561'>Next<\/a>\n\t<\/li>\n\n\n    \n\n<li><a href='?page_no=22523'>Last &rsaquo;&rsaquo;<\/a><\/li>\n\n<\/ul>\n\n\n--><br \/>\n<\/body><\/p>\n","protected":false},"excerpt":{"rendered":"<p>Los periodistas interesados tendr\u00e1n la oportunidad de inscribirse solo hasta el pr\u00f3ximo s\u00e1bado 28 de febrero, que es la fecha l\u00edmite para registrar sus propuestas Santo Domingo. CEMEX-Fundaci\u00f3n Nuevo Periodismo Iberoamericano anima a los periodistas interesados en participar a preparar sus propuestas y registrarse v\u00eda internet, ya que quedan pocos d\u00edas para el cierre de [&hellip;]<\/p>\n","protected":false},"author":3,"featured_media":0,"comment_status":"open","ping_status":"open","sticky":false,"template":"","format":"standard","meta":{"footnotes":""},"categories":[25],"tags":[],"class_list":["post-91938","post","type-post","status-publish","format-standard","hentry","category-gente"],"_links":{"self":[{"href":"https:\/\/diariodominicano.com\/index.php?rest_route=\/wp\/v2\/posts\/91938","targetHints":{"allow":["GET"]}}],"collection":[{"href":"https:\/\/diariodominicano.com\/index.php?rest_route=\/wp\/v2\/posts"}],"about":[{"href":"https:\/\/diariodominicano.com\/index.php?rest_route=\/wp\/v2\/types\/post"}],"author":[{"embeddable":true,"href":"https:\/\/diariodominicano.com\/index.php?rest_route=\/wp\/v2\/users\/3"}],"replies":[{"embeddable":true,"href":"https:\/\/diariodominicano.com\/index.php?rest_route=%2Fwp%2Fv2%2Fcomments&post=91938"}],"version-history":[{"count":0,"href":"https:\/\/diariodominicano.com\/index.php?rest_route=\/wp\/v2\/posts\/91938\/revisions"}],"wp:attachment":[{"href":"https:\/\/diariodominicano.com\/index.php?rest_route=%2Fwp%2Fv2%2Fmedia&parent=91938"}],"wp:term":[{"taxonomy":"category","embeddable":true,"href":"https:\/\/diariodominicano.com\/index.php?rest_route=%2Fwp%2Fv2%2Fcategories&post=91938"},{"taxonomy":"post_tag","embeddable":true,"href":"https:\/\/diariodominicano.com\/index.php?rest_route=%2Fwp%2Fv2%2Ftags&post=91938"}],"curies":[{"name":"wp","href":"https:\/\/api.w.org\/{rel}","templated":true}]}}