{"id":91937,"date":"2009-02-24T17:09:55","date_gmt":"2009-02-24T17:09:55","guid":{"rendered":"http:\/\/diariodominicano.ddns.net\/?p=91937"},"modified":"2009-02-24T17:09:55","modified_gmt":"2009-02-24T17:09:55","slug":"uasd-graduara-manana-1181-profesionales","status":"publish","type":"post","link":"https:\/\/diariodominicano.com\/?p=91937","title":{"rendered":"UASD graduar\u00e1 ma\u00f1ana 1,181 profesionales"},"content":{"rendered":"<p><body><\/p>\n<p><img decoding=\"async\" src=\"http:\/\/localhost:8080\/gente\/img3\/graduas.jpg\" \/>  <\/p>\n<p><span class=\"text1noticias\">La Universidad Aut\u00f3noma de Santo Domingo graduar\u00e1 este mi\u00e9rcoles 25 de febrero 1,181 nuevos profesionales en distintas ramas del saber, en un acto que se realizar\u00e1 en la Plaza H\u00e9roes de Abril, a las 5:00 de la tarde. <\/span><\/p>\n<\/p>\n<p><span class=\"text1noticias\">La ceremonia de investidura de la Primada de Am\u00e9rica estar\u00e1 encabezada por el  rector de esa casa de altos estudios,  doctor Franklin Garc\u00eda Ferm\u00edn,  junto a los dem\u00e1s miembros del Consejo Universitario. <\/span><\/p>\n<\/p>\n<p><span class=\"text1noticias\">De los investidos, 103  finalizaron sus estudios con lauros acad\u00e9micos;  15 Magna Cum Laude y  88 Cum Laude,  de los cuales el mayor \u00edndice acad\u00e9mico (93.8 puntos)  lo obtuvo \u00c9rica Luc\u00eda Contreras Romano, quien recibir\u00e1 su t\u00edtulo de Licenciada en Contabilidad. <\/span><\/p>\n<\/p>\n<p><span class=\"text1noticias\">La Facultad de Humanidades entregar\u00e1 a la sociedad 422 nuevos profesionales, en las licenciaturas y niveles t\u00e9cnicos en  Educaci\u00f3n B\u00e1sica,  Inicial, Ciencias de la Comunicaci\u00f3n Social, Psicolog\u00eda, Antropolog\u00eda, Lenguas Modernas,  Filosof\u00eda, Matem\u00e1ticas, entre otras.<\/span><\/p>\n<\/p>\n<p><span class=\"text1noticias\">En Ciencias Econ\u00f3micas y Sociales obtendr\u00e1n sus t\u00edtulos 216 personas, en las licenciaturas en Administraci\u00f3n de Empresas, Mercadotecnia, Contabilidad, Econom\u00eda y Sociolog\u00eda, mientras  que en Ingenier\u00eda y Arquitectura 196, en las \u00e1reas de Arquitectura. Agrimensura e Ingenier\u00eda en sus diferentes ramas.<\/span><\/p>\n<\/p>\n<p><span class=\"text1noticias\">La Facultad Ciencias Jur\u00eddicas y Pol\u00edticas  graduar\u00e1 147 nuevos doctores en Derecho  y la Facultad de Artes 85, en las carreras de Artes Publicitarias, Artes Pl\u00e1sticas, Publicidad, M\u00fasica, Educaci\u00f3n Musical y Cinematograf\u00eda y Audiovisuales. <\/span><\/p>\n<\/p>\n<p><span class=\"text1noticias\">Por Ciencias de la Salud recibir\u00e1n sus t\u00edtulos 86 personas en las carreras de  doctorado en Medicina y Odontolog\u00eda,  licenciaturas en Enfermer\u00eda,  Bioan\u00e1lisis y T\u00e9cnico Radi\u00f3logo; mientras que por  la  Facultad de Ciencias  8, entre los cuales hay licenciados y t\u00e9cnicos en Inform\u00e1tica, en Biolog\u00eda y  Tecn\u00f3logos en Alimentos. <\/span><\/p>\n<h6> 2009-02-24 17:09:55 <\/h6>\n<p><!--\n<link rel=\"stylesheet\" href=\"css\/bootstrap.min.css\">\n\n\n<ul class=\"pagination\">\n\t    \n\t\n\n<li >\n\t<a href='?page_no=20558'>Previous<\/a>\n\t<\/li>\n\n\n       \n    \n\n<li><a href='?page_no=1'>1<\/a><\/li>\n\n\n\n<li><a href='?page_no=2'>2<\/a><\/li>\n\n\n\n<li><a>...<\/a><\/li>\n\n\n\n<li><a href='?page_no=20557'>20557<\/a><\/li>\n\n\n\n<li><a href='?page_no=20558'>20558<\/a><\/li>\n\n\n\n<li class='active'><a>20559<\/a><\/li>\n\n\n\n<li><a href='?page_no=20560'>20560<\/a><\/li>\n\n\n\n<li><a href='?page_no=20561'>20561<\/a><\/li>\n\n\n\n<li><a>...<\/a><\/li>\n\n\n\n<li><a href='?page_no=22522'>22522<\/a><\/li>\n\n\n\n<li><a href='?page_no=22523'>22523<\/a><\/li>\n\n    \n\t\n\n<li >\n\t<a href='?page_no=20560'>Next<\/a>\n\t<\/li>\n\n\n    \n\n<li><a href='?page_no=22523'>Last &rsaquo;&rsaquo;<\/a><\/li>\n\n<\/ul>\n\n\n--><br \/>\n<\/body><\/p>\n","protected":false},"excerpt":{"rendered":"<p>La Universidad Aut\u00f3noma de Santo Domingo graduar\u00e1 este mi\u00e9rcoles 25 de febrero 1,181 nuevos profesionales en distintas ramas del saber, en un acto que se realizar\u00e1 en la Plaza H\u00e9roes de Abril, a las 5:00 de la tarde. La ceremonia de investidura de la Primada de Am\u00e9rica estar\u00e1 encabezada por el rector de esa casa [&hellip;]<\/p>\n","protected":false},"author":3,"featured_media":0,"comment_status":"open","ping_status":"open","sticky":false,"template":"","format":"standard","meta":{"footnotes":""},"categories":[25],"tags":[],"class_list":["post-91937","post","type-post","status-publish","format-standard","hentry","category-gente"],"_links":{"self":[{"href":"https:\/\/diariodominicano.com\/index.php?rest_route=\/wp\/v2\/posts\/91937","targetHints":{"allow":["GET"]}}],"collection":[{"href":"https:\/\/diariodominicano.com\/index.php?rest_route=\/wp\/v2\/posts"}],"about":[{"href":"https:\/\/diariodominicano.com\/index.php?rest_route=\/wp\/v2\/types\/post"}],"author":[{"embeddable":true,"href":"https:\/\/diariodominicano.com\/index.php?rest_route=\/wp\/v2\/users\/3"}],"replies":[{"embeddable":true,"href":"https:\/\/diariodominicano.com\/index.php?rest_route=%2Fwp%2Fv2%2Fcomments&post=91937"}],"version-history":[{"count":0,"href":"https:\/\/diariodominicano.com\/index.php?rest_route=\/wp\/v2\/posts\/91937\/revisions"}],"wp:attachment":[{"href":"https:\/\/diariodominicano.com\/index.php?rest_route=%2Fwp%2Fv2%2Fmedia&parent=91937"}],"wp:term":[{"taxonomy":"category","embeddable":true,"href":"https:\/\/diariodominicano.com\/index.php?rest_route=%2Fwp%2Fv2%2Fcategories&post=91937"},{"taxonomy":"post_tag","embeddable":true,"href":"https:\/\/diariodominicano.com\/index.php?rest_route=%2Fwp%2Fv2%2Ftags&post=91937"}],"curies":[{"name":"wp","href":"https:\/\/api.w.org\/{rel}","templated":true}]}}