{"id":91936,"date":"2009-02-24T18:16:33","date_gmt":"2009-02-24T18:16:33","guid":{"rendered":"http:\/\/diariodominicano.ddns.net\/?p=91936"},"modified":"2009-02-24T18:16:33","modified_gmt":"2009-02-24T18:16:33","slug":"paolo-meneguzzi-jurado-de-vina-del-mar","status":"publish","type":"post","link":"https:\/\/diariodominicano.com\/?p=91936","title":{"rendered":"Paolo Meneguzzi jurado de Vi\u00f1a del Mar"},"content":{"rendered":"<p><body><\/p>\n<p><img decoding=\"async\" src=\"http:\/\/localhost:8080\/gente\/img3\/menegu.jpg\" \/>  <\/p>\n<p><span class=\"text1noticias\">Miami, FL, 24 de febrero del 2009.- Paolo Meneguzzi, int\u00e9rprete italiano que gracias a sus maravillosas composiciones y una voz que trasmite los m\u00e1s puros sentimientos, ha sido invitado a ser formar parte del jurado del prestigioso Festival Internacional de la Canci\u00f3n de Villa del Mar, que transcurrir\u00e1 durante los d\u00edas 23 al 28 de febrero y que celebra su quincuag\u00e9sima edici\u00f3n.  <\/span><\/p>\n<\/p>\n<p><span class=\"text1noticias\">De esta forma, Meneguzzi regresa al sitial donde, en 1996 y con apenas 18 a\u00f1os, estremeci\u00f3 con su talento y carisma a la audiencia que se dio cita a este evento, siendo premiado con una ?Gaviota de Plata?.<\/span><\/p>\n<\/p>\n<p><span class=\"text1noticias\">?Este fue un momento determinante en mi carrera art\u00edstica, ya que me abri\u00f3 las puertas a toda Latinoam\u00e9rica, por lo que para m\u00ed, es un verdadero honor volver a esta tierra que fue tan calurosa y afectuosa conmigo?, expres\u00f3 Paolo Meneguzzi.<\/span><\/p>\n<\/p>\n<p><span class=\"text1noticias\">Adem\u00e1s, el artista estar\u00e1 sobre el escenario de la Quinta Vergara la noche del jueves 26 de Febrero, donde interpretar\u00e1 sus m\u00e1s reconocidos temas y presentar\u00e1 su \u00faltima producci\u00f3n discogr\u00e1fica titulada ?M\u00fasica?.<\/span><\/p>\n<\/p>\n<p><span class=\"text1noticias\">A pesar de su edad, Meneguzzi ya cuenta con m\u00e1s de diez \u00e1lbumes, tanto en espa\u00f1ol como en italiano, y ha compartido escenarios con Eros Ramazzotti, Nek y Laura Pausini, entre otras estrellas del pop de su pa\u00eds.<\/span><\/p>\n<\/p>\n<p><span class=\"text1noticias\">El 6 de marzo, el cantautor estar\u00e1 en Puerto Rico, donde realizar\u00e1 una serie de actividades promocionales, mientras que su nuevo sencillo ?M\u00edrame a los Ojos?, se comenzar\u00e1 a escuchar pr\u00f3ximamente en estaciones radiales de la isla y Estados Unidos.  <\/span><\/p>\n<\/p>\n<p><span class=\"text1noticias\">?M\u00fasica? es otro exitoso lanzamiento de Sony Music disponible en su tienda favorita y en los principales sitios de Internet.<\/span><\/p>\n<h6> 2009-02-24 18:16:33 <\/h6>\n<p><!--\n<link rel=\"stylesheet\" href=\"css\/bootstrap.min.css\">\n\n\n<ul class=\"pagination\">\n\t    \n\t\n\n<li >\n\t<a href='?page_no=20557'>Previous<\/a>\n\t<\/li>\n\n\n       \n    \n\n<li><a href='?page_no=1'>1<\/a><\/li>\n\n\n\n<li><a href='?page_no=2'>2<\/a><\/li>\n\n\n\n<li><a>...<\/a><\/li>\n\n\n\n<li><a href='?page_no=20556'>20556<\/a><\/li>\n\n\n\n<li><a href='?page_no=20557'>20557<\/a><\/li>\n\n\n\n<li class='active'><a>20558<\/a><\/li>\n\n\n\n<li><a href='?page_no=20559'>20559<\/a><\/li>\n\n\n\n<li><a href='?page_no=20560'>20560<\/a><\/li>\n\n\n\n<li><a>...<\/a><\/li>\n\n\n\n<li><a href='?page_no=22522'>22522<\/a><\/li>\n\n\n\n<li><a href='?page_no=22523'>22523<\/a><\/li>\n\n    \n\t\n\n<li >\n\t<a href='?page_no=20559'>Next<\/a>\n\t<\/li>\n\n\n    \n\n<li><a href='?page_no=22523'>Last &rsaquo;&rsaquo;<\/a><\/li>\n\n<\/ul>\n\n\n--><br \/>\n<\/body><\/p>\n","protected":false},"excerpt":{"rendered":"<p>Miami, FL, 24 de febrero del 2009.- Paolo Meneguzzi, int\u00e9rprete italiano que gracias a sus maravillosas composiciones y una voz que trasmite los m\u00e1s puros sentimientos, ha sido invitado a ser formar parte del jurado del prestigioso Festival Internacional de la Canci\u00f3n de Villa del Mar, que transcurrir\u00e1 durante los d\u00edas 23 al 28 de [&hellip;]<\/p>\n","protected":false},"author":3,"featured_media":0,"comment_status":"open","ping_status":"open","sticky":false,"template":"","format":"standard","meta":{"footnotes":""},"categories":[25],"tags":[],"class_list":["post-91936","post","type-post","status-publish","format-standard","hentry","category-gente"],"_links":{"self":[{"href":"https:\/\/diariodominicano.com\/index.php?rest_route=\/wp\/v2\/posts\/91936","targetHints":{"allow":["GET"]}}],"collection":[{"href":"https:\/\/diariodominicano.com\/index.php?rest_route=\/wp\/v2\/posts"}],"about":[{"href":"https:\/\/diariodominicano.com\/index.php?rest_route=\/wp\/v2\/types\/post"}],"author":[{"embeddable":true,"href":"https:\/\/diariodominicano.com\/index.php?rest_route=\/wp\/v2\/users\/3"}],"replies":[{"embeddable":true,"href":"https:\/\/diariodominicano.com\/index.php?rest_route=%2Fwp%2Fv2%2Fcomments&post=91936"}],"version-history":[{"count":0,"href":"https:\/\/diariodominicano.com\/index.php?rest_route=\/wp\/v2\/posts\/91936\/revisions"}],"wp:attachment":[{"href":"https:\/\/diariodominicano.com\/index.php?rest_route=%2Fwp%2Fv2%2Fmedia&parent=91936"}],"wp:term":[{"taxonomy":"category","embeddable":true,"href":"https:\/\/diariodominicano.com\/index.php?rest_route=%2Fwp%2Fv2%2Fcategories&post=91936"},{"taxonomy":"post_tag","embeddable":true,"href":"https:\/\/diariodominicano.com\/index.php?rest_route=%2Fwp%2Fv2%2Ftags&post=91936"}],"curies":[{"name":"wp","href":"https:\/\/api.w.org\/{rel}","templated":true}]}}