{"id":91935,"date":"2009-02-24T20:44:34","date_gmt":"2009-02-24T20:44:34","guid":{"rendered":"http:\/\/diariodominicano.ddns.net\/?p=91935"},"modified":"2009-02-24T20:44:34","modified_gmt":"2009-02-24T20:44:34","slug":"jose-feliciano-dice-incursionara-en-regueton","status":"publish","type":"post","link":"https:\/\/diariodominicano.com\/?p=91935","title":{"rendered":"Jos\u00e9 Feliciano dice incursionar\u00e1 en reguet\u00f3n"},"content":{"rendered":"<p><body><\/p>\n<p><span class=\"text1noticias\">San Juan.- El cantautor puertorrique\u00f1o Jos\u00e9 Feliciano, con una carrera de 52 a\u00f1os en la que ha ganado ocho premios Grammy, ha incluido el reguet\u00f3n en sus recientes discos porque asegura que el g\u00e9nero ahora se hace con \u00abm\u00e1s clase\u00bb.<\/span><\/p>\n<\/p>\n<p><span class=\"text1noticias\">La primera vez que el int\u00e9rprete de \u00abFeliz Navidad\u00bb, \u00abLight my Fire\u00bb, \u00abPaso la vida pensando\u00bb y \u00abMe has echado al olvido\u00bb cant\u00f3 reguet\u00f3n fue con el tema \u00abR\u00e1kata\u00bb junto al d\u00fao Wisin y Yandel, y luego grab\u00f3 el tema \u00abMar y cielo\u00bb con Rakim y Ken-Y para la producci\u00f3n \u00abSe\u00f1or bachata\u00bb.<\/span><\/p>\n<\/p>\n<p><span class=\"text1noticias\">Feliciano, de 63 a\u00f1os, defendi\u00f3 su incursi\u00f3n al g\u00e9nero urbano, porque, seg\u00fan dijo, \u00abel m\u00fasico tiene que explorar todas las avenidas que haya y, para mantenerse ante el p\u00fablico, hay que crecer con los tiempos\u00bb.<\/span><\/p>\n<\/p>\n<p><span class=\"text1noticias\">Afirm\u00f3 que el reguet\u00f3n \u00abest\u00e1 cambiando y con m\u00e1s clase\u00bb a diferencia de sus comienzos cuando \u00abera muy expl\u00edcito y al grano\u00bb, por lo que algunos de los discos de ese g\u00e9nero fueron retirados de las tiendas y varios pol\u00edticos denunciaron el contenido sexual de algunos v\u00eddeos musicales.<\/span><\/p>\n<\/p>\n<p><span class=\"text1noticias\">Feliciano, sin embargo, indic\u00f3 que ahora el grupo que sigue en esa l\u00ednea es el puertorrique\u00f1o Calle 13, ganador de seis premios Grammy y liderado por el cantante Ren\u00e9 P\u00e9rez \u00abResidente\u00bb y el productor musical Eduardo Cabra \u00abVisitante\u00bb.<\/span><\/p>\n<\/p>\n<p><span class=\"text1noticias\">El veterano cantante opin\u00f3 que Calle 13 ha tenido \u00abm\u00e1s suerte que \u00e9xito\u00bb, aunque dijo que le gustan \u00abciertas\u00bb canciones de P\u00e9rez, de quien dijo que \u00abtiene una intelectualidad\u00bb distinta a otros artistas.<\/span><\/p>\n<p><span class=\"text1noticias\">Feliciano volver\u00e1 a cantar reguet\u00f3n en el Coliseo de Puerto Rico Jos\u00e9 M. Agrelot de San Juan el pr\u00f3ximo 13 de marzo, cuando celebre su primer gran concierto en cuatro a\u00f1os en su pa\u00eds natal.<\/span><\/p>\n<\/p>\n<p><span class=\"text1noticias\">Ese d\u00eda se unir\u00e1 a su primo Jonathan Zapata, mejor conocido como Landy, de 20 a\u00f1os, para cantar \u00abMi gente\u00bb y \u00abQu\u00e9 le estar\u00e1 pasando a Puerto Rico\u00bb.<\/span><\/p>\n<\/p>\n<p><span class=\"text1noticias\">Este \u00faltimo tema, incluido en el disco \u00abSe\u00f1or bachata\u00bb y que le dio a Feliciano sus dos recientes Grammy, uno latino y otro anglosaj\u00f3n, como Mejor \u00c1lbum Tropical Contempor\u00e1neo, lo cantar\u00e1n por primera vez en vivo en el concierto.<\/span><\/p>\n<\/p>\n<p><span class=\"text1noticias\">Feliciano dijo que espera \u00abel respaldo\u00bb del p\u00fablico en su concierto, donde interpretar\u00e1 \u00abel repertorio de ayer que la gente conoce, porque si no lo haces, te matan\u00bb.<\/span><\/p>\n<\/p>\n<p><span class=\"text1noticias\">\u00abMe siento contento de volver a Puerto Rico. A m\u00ed me conocen en todo el mundo, pero siempre me gusta triunfar en mi patria\u00bb, expres\u00f3.<\/span><\/p>\n<\/p>\n<p><span class=\"text1noticias\">Finalmente, dijo que est\u00e1 contento de que unas 700 canciones que compuso el puertorrique\u00f1o \u00abTite\u00bb Curet Alonso se escuchen desde el pasado 5 de enero en las emisoras de radio de Puerto Rico tras una decisi\u00f3n de un tribunal por problemas a derechos de autor.<\/span><\/p>\n<\/p>\n<p><span class=\"text1noticias\">Feliciano, quien grab\u00f3 \u00abTiemblas\u00bb, de Curet Alonso, sostuvo que al legendario compositor \u00able hicieron una injusticia parando su m\u00fasica aqu\u00ed en la isla\u00bb.<\/span><\/p>\n<\/p>\n<p><span class=\"text1noticias\">Las canciones de Curet no se escuchaban en la mayor\u00eda de las estaciones de radio en Puerto Rico desde 1995 debido a un litigio por derechos de autor en el Tribunal de Distrito de EE.UU. en Puerto Rico.<\/span><\/p>\n<\/p>\n<p><span class=\"text1noticias\">La Asociaci\u00f3n de Compositores y Escritores de M\u00fasica de Latinoam\u00e9rica (ACEMLA) reclama la propiedad intelectual de las composiciones de Curet, mientras que las estaciones de radio alegan ser sus custodios.<\/span><\/p>\n<\/p>\n<p><span class=\"text1noticias\">La liberaci\u00f3n de las canciones se logr\u00f3 tras m\u00e1s de tres a\u00f1os de negociaciones entre la editora de m\u00fasica Fania Music, perteneciente a Emusica, y los dos hijos de Curet Alonso, Hilda y Eduardo.<\/span><\/p>\n<\/p>\n<p><span class=\"text1noticias\">Feliciano opin\u00f3 que despu\u00e9s que Curet muri\u00f3 en el 2003, \u00abahora es un h\u00e9roe\u00bb, pero \u00abqu\u00e9 importa ahora y qu\u00e9 regocijo le va a dar\u00bb a su familia la decisi\u00f3n.<\/span><\/p>\n<h6> 2009-02-24 20:44:34 <\/h6>\n<p><!--\n<link rel=\"stylesheet\" href=\"css\/bootstrap.min.css\">\n\n\n<ul class=\"pagination\">\n\t    \n\t\n\n<li >\n\t<a href='?page_no=20556'>Previous<\/a>\n\t<\/li>\n\n\n       \n    \n\n<li><a href='?page_no=1'>1<\/a><\/li>\n\n\n\n<li><a href='?page_no=2'>2<\/a><\/li>\n\n\n\n<li><a>...<\/a><\/li>\n\n\n\n<li><a href='?page_no=20555'>20555<\/a><\/li>\n\n\n\n<li><a href='?page_no=20556'>20556<\/a><\/li>\n\n\n\n<li class='active'><a>20557<\/a><\/li>\n\n\n\n<li><a href='?page_no=20558'>20558<\/a><\/li>\n\n\n\n<li><a href='?page_no=20559'>20559<\/a><\/li>\n\n\n\n<li><a>...<\/a><\/li>\n\n\n\n<li><a href='?page_no=22522'>22522<\/a><\/li>\n\n\n\n<li><a href='?page_no=22523'>22523<\/a><\/li>\n\n    \n\t\n\n<li >\n\t<a href='?page_no=20558'>Next<\/a>\n\t<\/li>\n\n\n    \n\n<li><a href='?page_no=22523'>Last &rsaquo;&rsaquo;<\/a><\/li>\n\n<\/ul>\n\n\n--><br \/>\n<\/body><\/p>\n","protected":false},"excerpt":{"rendered":"<p>San Juan.- El cantautor puertorrique\u00f1o Jos\u00e9 Feliciano, con una carrera de 52 a\u00f1os en la que ha ganado ocho premios Grammy, ha incluido el reguet\u00f3n en sus recientes discos porque asegura que el g\u00e9nero ahora se hace con \u00abm\u00e1s clase\u00bb. La primera vez que el int\u00e9rprete de \u00abFeliz Navidad\u00bb, \u00abLight my Fire\u00bb, \u00abPaso la vida [&hellip;]<\/p>\n","protected":false},"author":3,"featured_media":0,"comment_status":"open","ping_status":"open","sticky":false,"template":"","format":"standard","meta":{"footnotes":""},"categories":[25],"tags":[],"class_list":["post-91935","post","type-post","status-publish","format-standard","hentry","category-gente"],"_links":{"self":[{"href":"https:\/\/diariodominicano.com\/index.php?rest_route=\/wp\/v2\/posts\/91935","targetHints":{"allow":["GET"]}}],"collection":[{"href":"https:\/\/diariodominicano.com\/index.php?rest_route=\/wp\/v2\/posts"}],"about":[{"href":"https:\/\/diariodominicano.com\/index.php?rest_route=\/wp\/v2\/types\/post"}],"author":[{"embeddable":true,"href":"https:\/\/diariodominicano.com\/index.php?rest_route=\/wp\/v2\/users\/3"}],"replies":[{"embeddable":true,"href":"https:\/\/diariodominicano.com\/index.php?rest_route=%2Fwp%2Fv2%2Fcomments&post=91935"}],"version-history":[{"count":0,"href":"https:\/\/diariodominicano.com\/index.php?rest_route=\/wp\/v2\/posts\/91935\/revisions"}],"wp:attachment":[{"href":"https:\/\/diariodominicano.com\/index.php?rest_route=%2Fwp%2Fv2%2Fmedia&parent=91935"}],"wp:term":[{"taxonomy":"category","embeddable":true,"href":"https:\/\/diariodominicano.com\/index.php?rest_route=%2Fwp%2Fv2%2Fcategories&post=91935"},{"taxonomy":"post_tag","embeddable":true,"href":"https:\/\/diariodominicano.com\/index.php?rest_route=%2Fwp%2Fv2%2Ftags&post=91935"}],"curies":[{"name":"wp","href":"https:\/\/api.w.org\/{rel}","templated":true}]}}