{"id":91933,"date":"2009-02-24T21:50:34","date_gmt":"2009-02-24T21:50:34","guid":{"rendered":"http:\/\/diariodominicano.ddns.net\/?p=91933"},"modified":"2009-02-24T21:50:34","modified_gmt":"2009-02-24T21:50:34","slug":"paradisus-restaurante-reabre-sus-puertas","status":"publish","type":"post","link":"https:\/\/diariodominicano.com\/?p=91933","title":{"rendered":"Paradisus restaurante reabre sus puertas"},"content":{"rendered":"<p><body><\/p>\n<p><img decoding=\"async\" src=\"http:\/\/localhost:8080\/gente\/img3\/propes.jpg\" \/>  <\/p>\n<p><span class=\"text1noticias\">Santo Domingo.- ?Paradisus? es el nombre del restaurante que reabri\u00f3 sus puertas en el sector Las Praderas, con la intenci\u00f3n de satisfacer a un p\u00fablico que gusta de  la buena comida y de la buena m\u00fasica.<\/span><\/p>\n<\/p>\n<p><span class=\"text1noticias\">Con una capacidad para 100 personas, el local  ofrece un men\u00fa variado donde podr\u00e1 encontrar principalmente opciones de la gastronom\u00eda china, japonesa, tailandesa, incluyendo variedades de suchi, as\u00ed como pastas y parrilladas, con m\u00fasica en vivo y un \u00e1rea al aire libre para los que gustan disfrutar de un buen momento.<\/span><\/p>\n<\/p>\n<p><span class=\"text1noticias\">El acto de reapertura estuvo a cargo de sus propietarias Mercedes Holguin y Mercedita Perozo, responsables del lugar, quienes destacaron que en Paradisus sus visitantes podr\u00e1n disfrutar de un \u00e1rea de lounge, junto a los grupos musicales que se estar\u00e1n presentando los fines de semana. <\/span><\/p>\n<\/p>\n<p><span class=\"text1noticias\">Tanto Mercedes como Mercedita compartieron el agradable encuentro con los invitados, y entre bebidas y platos preparados especialmente para la ocasi\u00f3n, destacaron que Paradisus  naci\u00f3 para poder brindar un espacio completo con el servicio de buf\u00e9 incluido para cualquier ocasi\u00f3n. Adem\u00e1s de contar con un \u00e1rea para celebrar bodas, cumplea\u00f1os, y eventos sociales de todo tipo, cuentan con servicio de delivery pick up y Catering. <\/span><\/p>\n<\/p>\n<p><span class=\"text1noticias\">Esta nueva oferta astron\u00f3mica, esta ubicado en la calle Estancia Nueva esquina Rafael Ramos n\u00famero  16, del sector Las Praderas. Ofrecer\u00e1 servicios de Lunes a Jueves de 11:00 A.M. a 12:00 P.M. y los fines de semanas de 11:00 A.M. a  2:00 a.m.  Tel\u00e9fono 809-227-7911. <\/span><\/p>\n<h6> 2009-02-24 21:50:34 <\/h6>\n<p><!--\n<link rel=\"stylesheet\" href=\"css\/bootstrap.min.css\">\n\n\n<ul class=\"pagination\">\n\t    \n\t\n\n<li >\n\t<a href='?page_no=20554'>Previous<\/a>\n\t<\/li>\n\n\n       \n    \n\n<li><a href='?page_no=1'>1<\/a><\/li>\n\n\n\n<li><a href='?page_no=2'>2<\/a><\/li>\n\n\n\n<li><a>...<\/a><\/li>\n\n\n\n<li><a href='?page_no=20553'>20553<\/a><\/li>\n\n\n\n<li><a href='?page_no=20554'>20554<\/a><\/li>\n\n\n\n<li class='active'><a>20555<\/a><\/li>\n\n\n\n<li><a href='?page_no=20556'>20556<\/a><\/li>\n\n\n\n<li><a href='?page_no=20557'>20557<\/a><\/li>\n\n\n\n<li><a>...<\/a><\/li>\n\n\n\n<li><a href='?page_no=22522'>22522<\/a><\/li>\n\n\n\n<li><a href='?page_no=22523'>22523<\/a><\/li>\n\n    \n\t\n\n<li >\n\t<a href='?page_no=20556'>Next<\/a>\n\t<\/li>\n\n\n    \n\n<li><a href='?page_no=22523'>Last &rsaquo;&rsaquo;<\/a><\/li>\n\n<\/ul>\n\n\n--><br \/>\n<\/body><\/p>\n","protected":false},"excerpt":{"rendered":"<p>Santo Domingo.- ?Paradisus? es el nombre del restaurante que reabri\u00f3 sus puertas en el sector Las Praderas, con la intenci\u00f3n de satisfacer a un p\u00fablico que gusta de la buena comida y de la buena m\u00fasica. Con una capacidad para 100 personas, el local ofrece un men\u00fa variado donde podr\u00e1 encontrar principalmente opciones de la [&hellip;]<\/p>\n","protected":false},"author":3,"featured_media":0,"comment_status":"open","ping_status":"open","sticky":false,"template":"","format":"standard","meta":{"footnotes":""},"categories":[25],"tags":[],"class_list":["post-91933","post","type-post","status-publish","format-standard","hentry","category-gente"],"_links":{"self":[{"href":"https:\/\/diariodominicano.com\/index.php?rest_route=\/wp\/v2\/posts\/91933","targetHints":{"allow":["GET"]}}],"collection":[{"href":"https:\/\/diariodominicano.com\/index.php?rest_route=\/wp\/v2\/posts"}],"about":[{"href":"https:\/\/diariodominicano.com\/index.php?rest_route=\/wp\/v2\/types\/post"}],"author":[{"embeddable":true,"href":"https:\/\/diariodominicano.com\/index.php?rest_route=\/wp\/v2\/users\/3"}],"replies":[{"embeddable":true,"href":"https:\/\/diariodominicano.com\/index.php?rest_route=%2Fwp%2Fv2%2Fcomments&post=91933"}],"version-history":[{"count":0,"href":"https:\/\/diariodominicano.com\/index.php?rest_route=\/wp\/v2\/posts\/91933\/revisions"}],"wp:attachment":[{"href":"https:\/\/diariodominicano.com\/index.php?rest_route=%2Fwp%2Fv2%2Fmedia&parent=91933"}],"wp:term":[{"taxonomy":"category","embeddable":true,"href":"https:\/\/diariodominicano.com\/index.php?rest_route=%2Fwp%2Fv2%2Fcategories&post=91933"},{"taxonomy":"post_tag","embeddable":true,"href":"https:\/\/diariodominicano.com\/index.php?rest_route=%2Fwp%2Fv2%2Ftags&post=91933"}],"curies":[{"name":"wp","href":"https:\/\/api.w.org\/{rel}","templated":true}]}}