{"id":91932,"date":"2009-02-25T17:17:44","date_gmt":"2009-02-25T17:17:44","guid":{"rendered":"http:\/\/diariodominicano.ddns.net\/?p=91932"},"modified":"2009-02-25T17:17:44","modified_gmt":"2009-02-25T17:17:44","slug":"este-jueves-los-guaraguao-en-el-aula-magna-de-la-uasd","status":"publish","type":"post","link":"https:\/\/diariodominicano.com\/?p=91932","title":{"rendered":"Este jueves Los Guaraguao en el Aula Magna de la UASD"},"content":{"rendered":"<p><body><\/p>\n<p><span class=\"text1noticias\">Santo Domingo, Rep\u00fablica Dominicana.- La agrupaci\u00f3n venezolana Los Guaraguao, se presenta este jueves 26 y Viernes 27 de febrero en el Aula Magna de la Universidad Aut\u00f3noma de Santo Domingo (UASD).<\/span><\/p>\n<p><span class=\"text1noticias\"> <\/span><\/p>\n<p><span class=\"text1noticias\">Esta ser\u00eda la segunda funci\u00f3n multitudinaria del legendario cuarteto con su espect\u00e1culo ?Un Canto por la Paz? y la primera vez que se presentan en el emblem\u00e1tico centro universitario.<\/span><\/p>\n<p><span class=\"text1noticias\"> <\/span><\/p>\n<p><span class=\"text1noticias\">El pasado a\u00f1o Los Guaraguao hicieron una funci\u00f3n en el \u00d3valo de La Feria Ganadera ante m\u00e1s de cuatro mil personas que s\u00f3lo pudieron disfrutar de cinco temas del grupo a causa de la lluvia.<\/span><\/p>\n<p><span class=\"text1noticias\"> <\/span><\/p>\n<p><span class=\"text1noticias\">?Ahora los amantes de su m\u00fasica le escuchar\u00e1n en un recinto acondicionado con la mayor comodidad, bajo un ambiente distendido y agradable que garantiza la ejecuci\u00f3n del repertorio que hizo legendaria a la banda?, refiri\u00f3 Julio C\u00e9sar Moreno, promotor del concierto<\/span><\/p>\n<p><span class=\"text1noticias\"> <\/span><\/p>\n<p><span class=\"text1noticias\">Como  el  a\u00f1o  pasado, se  unir\u00e1n  al evento  parte de los artistas dominicanos que participaron en el Festival ?Siete d\u00edas con el Pueblo?<\/span><\/p>\n<p><span class=\"text1noticias\"> <\/span><\/p>\n<p><span class=\"text1noticias\">?La   verdad   es   que   hemos   quedados   asombrados  con  el  cari\u00f1o  y  la admiraci\u00f3n  que  todav\u00eda  nos  guardan  los dominicanos,  esta  vez s\u00ed vamos  a  cantar  hasta  que   el  p\u00fablico  quiera,  porque  la  lluvia  no  ser\u00e1 obst\u00e1culo?,  sostuvo   Eduardo Mart\u00ednez  la  voz oficial desde la fundaci\u00f3n del grupo.<\/span><\/p>\n<p><span class=\"text1noticias\"> <\/span><\/p>\n<p><span class=\"text1noticias\">Jes\u00fas Cordero, Eduardo Mart\u00ednez, Jos\u00e9 Guerra y Lu\u00eds Su\u00e1rez, residen  todav\u00eda  en  Venezuela y es el mismo Guaraguao que se fund\u00f3 junto al desaparecido Al\u00ed Primera, en el 1974, con una l\u00ednea musical de canto al amor y a la paz.<\/span><\/p>\n<p><span class=\"text1noticias\"> <\/span><\/p>\n<p><span class=\"text1noticias\">El a\u00f1o  pasado  a  pesar  de  la  lluvia,  m\u00e1s de 4,000 personas acudieron al Ovalo de la feria  ganadera  a  presenciar  y  ser  parte  de  este  gran  concierto  y todos quedaron con el deseo de ver m\u00e1s de los venezolanos ya que el espect\u00e1culo tuvo que ser interrumpido por las inclemencias del tiempo.<\/span><\/p>\n<p><span class=\"text1noticias\"> <\/span><\/p>\n<p><span class=\"text1noticias\">No obstante la lluvia, en aquella ocasi\u00f3n el grupo interpret\u00f3 cinco canciones con las que demostraron tener las mismas condiciones que le posicionaron como un grupo de avanzada en la d\u00e9cada de los setenta.<\/span><\/p>\n<p><span class=\"text1noticias\"> <\/span><\/p>\n<p><span class=\"text1noticias\">El a\u00f1o pasado Los Guaraguao hicieron seis funciones en el pa\u00eds entre conciertos p\u00fablicos y privados durante una gira que les permiti\u00f3 constatar la gran cantidad de personas que le siguen.<\/span><\/p>\n<\/p>\n<p><span class=\"text1noticias\">Ficha:<\/span><\/p>\n<p><span class=\"text1noticias\"> <\/span><\/p>\n<p><span class=\"text1noticias\">Concierto: Un Canto por la Paz<\/span><\/p>\n<p><span class=\"text1noticias\">Artista: Grupo Los Guaraguao<\/span><\/p>\n<p><span class=\"text1noticias\">Fecha: 26 y 27 de febrero 09<\/span><\/p>\n<p><span class=\"text1noticias\">Lugar: Aula Magna, Universidad Aut\u00f3noma de Santo Domingo<\/span><\/p>\n<p><span class=\"text1noticias\">Boletas a la venta: en Plaza Lama, Economato de la UASD y Servicio a Domicilio<\/span><\/p>\n<p><span class=\"text1noticias\">Informaci\u00f3n: 809-533-6846<\/span><\/p>\n<h6> 2009-02-25 17:17:44 <\/h6>\n<p><!--\n<link rel=\"stylesheet\" href=\"css\/bootstrap.min.css\">\n\n\n<ul class=\"pagination\">\n\t    \n\t\n\n<li >\n\t<a href='?page_no=20553'>Previous<\/a>\n\t<\/li>\n\n\n       \n    \n\n<li><a href='?page_no=1'>1<\/a><\/li>\n\n\n\n<li><a href='?page_no=2'>2<\/a><\/li>\n\n\n\n<li><a>...<\/a><\/li>\n\n\n\n<li><a href='?page_no=20552'>20552<\/a><\/li>\n\n\n\n<li><a href='?page_no=20553'>20553<\/a><\/li>\n\n\n\n<li class='active'><a>20554<\/a><\/li>\n\n\n\n<li><a href='?page_no=20555'>20555<\/a><\/li>\n\n\n\n<li><a href='?page_no=20556'>20556<\/a><\/li>\n\n\n\n<li><a>...<\/a><\/li>\n\n\n\n<li><a href='?page_no=22522'>22522<\/a><\/li>\n\n\n\n<li><a href='?page_no=22523'>22523<\/a><\/li>\n\n    \n\t\n\n<li >\n\t<a href='?page_no=20555'>Next<\/a>\n\t<\/li>\n\n\n    \n\n<li><a href='?page_no=22523'>Last &rsaquo;&rsaquo;<\/a><\/li>\n\n<\/ul>\n\n\n--><br \/>\n<\/body><\/p>\n","protected":false},"excerpt":{"rendered":"<p>Santo Domingo, Rep\u00fablica Dominicana.- La agrupaci\u00f3n venezolana Los Guaraguao, se presenta este jueves 26 y Viernes 27 de febrero en el Aula Magna de la Universidad Aut\u00f3noma de Santo Domingo (UASD). Esta ser\u00eda la segunda funci\u00f3n multitudinaria del legendario cuarteto con su espect\u00e1culo ?Un Canto por la Paz? y la primera vez que se presentan [&hellip;]<\/p>\n","protected":false},"author":3,"featured_media":0,"comment_status":"open","ping_status":"open","sticky":false,"template":"","format":"standard","meta":{"footnotes":""},"categories":[25],"tags":[],"class_list":["post-91932","post","type-post","status-publish","format-standard","hentry","category-gente"],"_links":{"self":[{"href":"https:\/\/diariodominicano.com\/index.php?rest_route=\/wp\/v2\/posts\/91932","targetHints":{"allow":["GET"]}}],"collection":[{"href":"https:\/\/diariodominicano.com\/index.php?rest_route=\/wp\/v2\/posts"}],"about":[{"href":"https:\/\/diariodominicano.com\/index.php?rest_route=\/wp\/v2\/types\/post"}],"author":[{"embeddable":true,"href":"https:\/\/diariodominicano.com\/index.php?rest_route=\/wp\/v2\/users\/3"}],"replies":[{"embeddable":true,"href":"https:\/\/diariodominicano.com\/index.php?rest_route=%2Fwp%2Fv2%2Fcomments&post=91932"}],"version-history":[{"count":0,"href":"https:\/\/diariodominicano.com\/index.php?rest_route=\/wp\/v2\/posts\/91932\/revisions"}],"wp:attachment":[{"href":"https:\/\/diariodominicano.com\/index.php?rest_route=%2Fwp%2Fv2%2Fmedia&parent=91932"}],"wp:term":[{"taxonomy":"category","embeddable":true,"href":"https:\/\/diariodominicano.com\/index.php?rest_route=%2Fwp%2Fv2%2Fcategories&post=91932"},{"taxonomy":"post_tag","embeddable":true,"href":"https:\/\/diariodominicano.com\/index.php?rest_route=%2Fwp%2Fv2%2Ftags&post=91932"}],"curies":[{"name":"wp","href":"https:\/\/api.w.org\/{rel}","templated":true}]}}