{"id":91931,"date":"2009-02-25T17:20:34","date_gmt":"2009-02-25T17:20:34","guid":{"rendered":"http:\/\/diariodominicano.ddns.net\/?p=91931"},"modified":"2009-02-25T17:20:34","modified_gmt":"2009-02-25T17:20:34","slug":"la-bodega-ofrece-cata-del-vino-rento-por-visita-de-carlos-moro","status":"publish","type":"post","link":"https:\/\/diariodominicano.com\/?p=91931","title":{"rendered":"La Bodega ofrece cata del vino Rento por visita de Carlos Moro"},"content":{"rendered":"<p><body><\/p>\n<p><img decoding=\"async\" src=\"http:\/\/localhost:8080\/gente\/img3\/boder.jpg\" \/>  <\/p>\n<p><span class=\"text1noticias\">El sabor, el aroma y otras propiedades del vino Rento fueron apreciadas en la cata realizada el martes 24, por la tienda de vinos La Bodega, con motivo de la visita al pa\u00eds del presidente del grupo vin\u00edcola espa\u00f1ol Matarromera, Carlos Moro.<\/span><\/p>\n<\/p>\n<p><span class=\"text1noticias\">Clientes, relacionados y ejecutivos de La Bodega de Manuel Gonz\u00e1lez Cuesta, compartieron con el empresario Espa\u00f1ol en sus instalaciones ubicadas en la prolongaci\u00f3n avenida M\u00e9xico casi esquina Abraham Lincoln.<\/span><\/p>\n<\/p>\n<p><span class=\"text1noticias\">La actividad estuvo encabezada por Jos\u00e9 Manuel Gonz\u00e1lez Cuadra, Vicepresidente Ejecutivo de Manuel Gonz\u00e1lez Cuesta; Mariano Gonz\u00e1lez, Gerente de Categor\u00eda de Bebidas; Manuela Torres, Gerente de La Bodega y Annette Herasme, Gerente de Mercadeo.<\/span><\/p>\n<\/p>\n<p><span class=\"text1noticias\">El se\u00f1or Moro defini\u00f3 al Rento como un vino de nobleza, en cuya elaboraci\u00f3n se complementan m\u00e9todos naturales y artesanos, creando un producto de m\u00e1xima calidad y arm\u00f3nico con la historia y el tiempo.<\/span><\/p>\n<\/p>\n<p><span class=\"text1noticias\">El presidente del grupo Matarromera resalt\u00f3 durante la cata que ?la estructura del Rento es amplia y carnosa, con un final armonioso y elegante al paladar?.<\/span><\/p>\n<\/p>\n<p><span class=\"text1noticias\">Sobre Carlos Moro<\/span><\/p>\n<\/p>\n<p><span class=\"text1noticias\">El presidente y fundador del grupo vin\u00edcola espa\u00f1ol Matarromera, Carlos Moro, es descendiente de una familia cuyo pasado ha estado vinculado al vino.<\/span><\/p>\n<\/p>\n<p><span class=\"text1noticias\">Sus antepasados son pioneros en la plantaci\u00f3n de vi\u00f1edos en Olivares y Valbuena del Duero, considerada como la m\u00e1s prestigiosa zona de la Ribera del Duero, donde en 1988 fund\u00f3 a Matarromera.<\/span><\/p>\n<\/p>\n<p><span class=\"text1noticias\">Carlos Moro es multifac\u00e9tico, ya que es Ingeniero T\u00e9cnico Superior Agr\u00f3nomo, tiene un Doctorado en Enolog\u00eda y Viticultura, y un M\u00e1ster en Tecnolog\u00eda de la Informaci\u00f3n y de las Comunicaciones.<\/span><\/p>\n<\/p>\n<p><span class=\"text1noticias\">Ocup\u00f3 importantes funciones en la Federaci\u00f3n Espa\u00f1ola de Industrias de la Alimentaci\u00f3n y Bebidas, en varios comit\u00e9s de evaluaci\u00f3n de varios organismos industriales de Espa\u00f1a y experto agroindustrial de la FAO.<\/span><\/p>\n<\/p>\n<p><span class=\"text1noticias\">En 2005  la Escuela de Empresarios de Valladolid le otorg\u00f3 el reconocimiento como ?mejor empresa del a\u00f1o del sector Vin\u00edcola?,  y ese mismo a\u00f1o recibi\u00f3 el premio ?Cecale de Oro?, que se entrega  al mejor empresario espa\u00f1ol.<\/span><\/p>\n<\/p>\n<p><span class=\"text1noticias\">En el 2007 Matarromera recibe el premio a la ?Mejor Empresa Medioambiental de Espa\u00f1a?.<\/span><\/p>\n<\/p>\n<p><span class=\"text1noticias\">Adem\u00e1s de numerosos art\u00edculos e intervenciones p\u00fablicas, el se\u00f1or Moro ha publicado m\u00e1s de 20 libros, gu\u00edas y otras publicaciones.<\/span><\/p>\n<h6> 2009-02-25 17:20:34 <\/h6>\n<p><!--\n<link rel=\"stylesheet\" href=\"css\/bootstrap.min.css\">\n\n\n<ul class=\"pagination\">\n\t    \n\t\n\n<li >\n\t<a href='?page_no=20552'>Previous<\/a>\n\t<\/li>\n\n\n       \n    \n\n<li><a href='?page_no=1'>1<\/a><\/li>\n\n\n\n<li><a href='?page_no=2'>2<\/a><\/li>\n\n\n\n<li><a>...<\/a><\/li>\n\n\n\n<li><a href='?page_no=20551'>20551<\/a><\/li>\n\n\n\n<li><a href='?page_no=20552'>20552<\/a><\/li>\n\n\n\n<li class='active'><a>20553<\/a><\/li>\n\n\n\n<li><a href='?page_no=20554'>20554<\/a><\/li>\n\n\n\n<li><a href='?page_no=20555'>20555<\/a><\/li>\n\n\n\n<li><a>...<\/a><\/li>\n\n\n\n<li><a href='?page_no=22522'>22522<\/a><\/li>\n\n\n\n<li><a href='?page_no=22523'>22523<\/a><\/li>\n\n    \n\t\n\n<li >\n\t<a href='?page_no=20554'>Next<\/a>\n\t<\/li>\n\n\n    \n\n<li><a href='?page_no=22523'>Last &rsaquo;&rsaquo;<\/a><\/li>\n\n<\/ul>\n\n\n--><br \/>\n<\/body><\/p>\n","protected":false},"excerpt":{"rendered":"<p>El sabor, el aroma y otras propiedades del vino Rento fueron apreciadas en la cata realizada el martes 24, por la tienda de vinos La Bodega, con motivo de la visita al pa\u00eds del presidente del grupo vin\u00edcola espa\u00f1ol Matarromera, Carlos Moro. Clientes, relacionados y ejecutivos de La Bodega de Manuel Gonz\u00e1lez Cuesta, compartieron con [&hellip;]<\/p>\n","protected":false},"author":3,"featured_media":0,"comment_status":"open","ping_status":"open","sticky":false,"template":"","format":"standard","meta":{"footnotes":""},"categories":[25],"tags":[],"class_list":["post-91931","post","type-post","status-publish","format-standard","hentry","category-gente"],"_links":{"self":[{"href":"https:\/\/diariodominicano.com\/index.php?rest_route=\/wp\/v2\/posts\/91931","targetHints":{"allow":["GET"]}}],"collection":[{"href":"https:\/\/diariodominicano.com\/index.php?rest_route=\/wp\/v2\/posts"}],"about":[{"href":"https:\/\/diariodominicano.com\/index.php?rest_route=\/wp\/v2\/types\/post"}],"author":[{"embeddable":true,"href":"https:\/\/diariodominicano.com\/index.php?rest_route=\/wp\/v2\/users\/3"}],"replies":[{"embeddable":true,"href":"https:\/\/diariodominicano.com\/index.php?rest_route=%2Fwp%2Fv2%2Fcomments&post=91931"}],"version-history":[{"count":0,"href":"https:\/\/diariodominicano.com\/index.php?rest_route=\/wp\/v2\/posts\/91931\/revisions"}],"wp:attachment":[{"href":"https:\/\/diariodominicano.com\/index.php?rest_route=%2Fwp%2Fv2%2Fmedia&parent=91931"}],"wp:term":[{"taxonomy":"category","embeddable":true,"href":"https:\/\/diariodominicano.com\/index.php?rest_route=%2Fwp%2Fv2%2Fcategories&post=91931"},{"taxonomy":"post_tag","embeddable":true,"href":"https:\/\/diariodominicano.com\/index.php?rest_route=%2Fwp%2Fv2%2Ftags&post=91931"}],"curies":[{"name":"wp","href":"https:\/\/api.w.org\/{rel}","templated":true}]}}