{"id":91928,"date":"2009-02-25T18:56:05","date_gmt":"2009-02-25T18:56:05","guid":{"rendered":"http:\/\/diariodominicano.ddns.net\/?p=91928"},"modified":"2009-02-25T18:56:05","modified_gmt":"2009-02-25T18:56:05","slug":"grupo-ramos-anuncia-la-apertura-de-la-sirena-en-puerto-plata","status":"publish","type":"post","link":"https:\/\/diariodominicano.com\/?p=91928","title":{"rendered":"Grupo Ramos anuncia la apertura de La Sirena en  Puerto Plata"},"content":{"rendered":"<p><body><\/p>\n<p><span class=\"text1noticias\">Grupo Ramos abrir\u00e1 un nuevo multicentro La Sirena, ubicado en la avenida del malec\u00f3n de la ciudad de Puerto Plata. El establecimiento fue desarrollado con una inversi\u00f3n superior a los RD$300 millones y posee todos los avances tecnol\u00f3gicos y caracter\u00edsticas de equipamiento, iluminaci\u00f3n y dise\u00f1o de la nueva generaci\u00f3n de tiendas que opera esta empresa.<\/span><\/p>\n<\/p>\n<p><span class=\"text1noticias\">El acto de inauguraci\u00f3n del establecimiento se efectuar\u00e1 el mi\u00e9rcoles 4 de marzo, con la presencia de autoridades y personalidades locales, proveedores, amigos y relacionados del grupo empresarial.<\/span><\/p>\n<\/p>\n<p><span class=\"text1noticias\">De acuerdo con los ejecutivos de Grupo Ramos, La Sirena Puerto Plata contribuir\u00e1 a mejorar la calidad de vida de sus 310 empleados directos; as\u00ed como de los habitantes de la ciudad de Puerto Plata y los municipios de Altamira, Guananico, Imbert, Los Hidalgos, Luper\u00f3n, Sos\u00faa, Isabela y Montellano, quienes se beneficiar\u00e1n con la m\u00e1s amplia variedad de productos, el mejor servicio y los m\u00e1s bajos precios del mercado.<\/span><\/p>\n<\/p>\n<p><span class=\"text1noticias\">La Sirena Puerto Plata estar\u00e1 provista de las mismas comodidades que los dem\u00e1s multicentros que opera Grupo Ramos y contar\u00e1 con las \u00e1reas de Hogar, Abarrotes, Moda, Electrodom\u00e9sticos, Decoraci\u00f3n, Cuidado Personal, Limpieza, Escolares, Deportes, Librer\u00eda, Ferreter\u00eda y Zapater\u00eda, entre otras. Tambi\u00e9n dispondr\u00e1 de \u00e1reas de Productos Frescos, Panader\u00eda, Reposter\u00eda, Platos Preparados y Food Court.<\/span><\/p>\n<\/p>\n<p><span class=\"text1noticias\">Igualmente, acoger\u00e1 sucursales de varias empresas de servicios que facilitar\u00e1n la vida de la comunidad puertoplate\u00f1a, como bancos, farmacias, remesadoras y telecomunicaciones.<\/span><\/p>\n<\/p>\n<p><span class=\"text1noticias\">La supervisi\u00f3n general de la operaci\u00f3n de la tienda estar\u00e1 a cargo del se\u00f1or Ram\u00f3n Pou, Director Regional de Operaciones, oriundo de Puerto Plata; mientras que la gerencia de la tienda la ocupar\u00e1 el se\u00f1or Juan Luis Hazim, quien ha residido en la provincia por m\u00e1s de 20 a\u00f1os.<\/span><\/p>\n<\/p>\n<p><span class=\"text1noticias\">Acerca de Grupo Ramos<\/span><\/p>\n<\/p>\n<p><span class=\"text1noticias\">Con m\u00e1s de 40 a\u00f1os en el mercado dominicano y alrededor de 6,500 colaboradores, Grupo Ramos es actualmente la empresa l\u00edder en ventas al detalle y una de las principales empleadoras del pa\u00eds.<\/span><\/p>\n<\/p>\n<p><span class=\"text1noticias\">La historia de la empresa inicia en el a\u00f1o 1965, cuando el se\u00f1or Rom\u00e1n Ramos Ur\u00eda adquiere  la tienda La Sirena de la avenida Mella. Con la apertura de La Sirena Puerto Plata, en marzo de 2009, suman 16 los establecimientos comerciales operados por el Grupo (13 multicentros La Sirena y 3 supermercados Pola), distribuidos en Santo Domingo, San Crist\u00f3bal, Santiago, San Francisco de Macor\u00eds y Puerto Plata.\/\/\/<\/span><\/p>\n<h6> 2009-02-25 18:56:05 <\/h6>\n<p><!--\n<link rel=\"stylesheet\" href=\"css\/bootstrap.min.css\">\n\n\n<ul class=\"pagination\">\n\t    \n\t\n\n<li >\n\t<a href='?page_no=20549'>Previous<\/a>\n\t<\/li>\n\n\n       \n    \n\n<li><a href='?page_no=1'>1<\/a><\/li>\n\n\n\n<li><a href='?page_no=2'>2<\/a><\/li>\n\n\n\n<li><a>...<\/a><\/li>\n\n\n\n<li><a href='?page_no=20548'>20548<\/a><\/li>\n\n\n\n<li><a href='?page_no=20549'>20549<\/a><\/li>\n\n\n\n<li class='active'><a>20550<\/a><\/li>\n\n\n\n<li><a href='?page_no=20551'>20551<\/a><\/li>\n\n\n\n<li><a href='?page_no=20552'>20552<\/a><\/li>\n\n\n\n<li><a>...<\/a><\/li>\n\n\n\n<li><a href='?page_no=22522'>22522<\/a><\/li>\n\n\n\n<li><a href='?page_no=22523'>22523<\/a><\/li>\n\n    \n\t\n\n<li >\n\t<a href='?page_no=20551'>Next<\/a>\n\t<\/li>\n\n\n    \n\n<li><a href='?page_no=22523'>Last &rsaquo;&rsaquo;<\/a><\/li>\n\n<\/ul>\n\n\n--><br \/>\n<\/body><\/p>\n","protected":false},"excerpt":{"rendered":"<p>Grupo Ramos abrir\u00e1 un nuevo multicentro La Sirena, ubicado en la avenida del malec\u00f3n de la ciudad de Puerto Plata. El establecimiento fue desarrollado con una inversi\u00f3n superior a los RD$300 millones y posee todos los avances tecnol\u00f3gicos y caracter\u00edsticas de equipamiento, iluminaci\u00f3n y dise\u00f1o de la nueva generaci\u00f3n de tiendas que opera esta empresa. [&hellip;]<\/p>\n","protected":false},"author":3,"featured_media":0,"comment_status":"open","ping_status":"open","sticky":false,"template":"","format":"standard","meta":{"footnotes":""},"categories":[25],"tags":[],"class_list":["post-91928","post","type-post","status-publish","format-standard","hentry","category-gente"],"_links":{"self":[{"href":"https:\/\/diariodominicano.com\/index.php?rest_route=\/wp\/v2\/posts\/91928","targetHints":{"allow":["GET"]}}],"collection":[{"href":"https:\/\/diariodominicano.com\/index.php?rest_route=\/wp\/v2\/posts"}],"about":[{"href":"https:\/\/diariodominicano.com\/index.php?rest_route=\/wp\/v2\/types\/post"}],"author":[{"embeddable":true,"href":"https:\/\/diariodominicano.com\/index.php?rest_route=\/wp\/v2\/users\/3"}],"replies":[{"embeddable":true,"href":"https:\/\/diariodominicano.com\/index.php?rest_route=%2Fwp%2Fv2%2Fcomments&post=91928"}],"version-history":[{"count":0,"href":"https:\/\/diariodominicano.com\/index.php?rest_route=\/wp\/v2\/posts\/91928\/revisions"}],"wp:attachment":[{"href":"https:\/\/diariodominicano.com\/index.php?rest_route=%2Fwp%2Fv2%2Fmedia&parent=91928"}],"wp:term":[{"taxonomy":"category","embeddable":true,"href":"https:\/\/diariodominicano.com\/index.php?rest_route=%2Fwp%2Fv2%2Fcategories&post=91928"},{"taxonomy":"post_tag","embeddable":true,"href":"https:\/\/diariodominicano.com\/index.php?rest_route=%2Fwp%2Fv2%2Ftags&post=91928"}],"curies":[{"name":"wp","href":"https:\/\/api.w.org\/{rel}","templated":true}]}}