{"id":91926,"date":"2009-02-25T21:35:26","date_gmt":"2009-02-25T21:35:26","guid":{"rendered":"http:\/\/diariodominicano.ddns.net\/?p=91926"},"modified":"2009-02-25T21:35:26","modified_gmt":"2009-02-25T21:35:26","slug":"american-airlines-celebrara-dia-de-la-independencia-a-ritmo-de-carnaval-en-el-aeropuerto","status":"publish","type":"post","link":"https:\/\/diariodominicano.com\/?p=91926","title":{"rendered":"AMERICAN AIRLINES CELEBRARA DIA DE LA INDEPENDENCIA A RITMO DE CARNAVAL EN EL AEROPUERTO"},"content":{"rendered":"<p><body><\/p>\n<p><img decoding=\"async\" src=\"http:\/\/localhost:8080\/gente\/img3\/amery.jpg\" \/>  <\/p>\n<p><span class=\"text1noticias\">AILA. SANTO DOMINGO, Rep\u00fablica Dominicana ? Como cada a\u00f1o, los empleados de American Airlines celebrar\u00e1n la Dominicanidad este 27 de febrero, vistiendo de vistosos y coloridos trajes de carnaval en su estaci\u00f3n del Aeropuerto Internacional Las Am\u00e9ricas Jos\u00e9 Francisco Pe\u00f1a G\u00f3mez.  El personal de servicio de la aerol\u00ednea compartir\u00e1 con todos los pasajeros, ofreciendo atenciones especiales y conmemorativas al aniversario de la Independencia de la Rep\u00fablica Dominicana.<\/span><\/p>\n<\/p>\n<p><span class=\"text1noticias\">Por medio de estas acciones American Airlines tiene el objetivo de identificarse con las celebraciones tradicionales del pueblo dominicano que ponen de manifiesto la riqueza cultural  de esta tierra y que, adem\u00e1s, conmemoran la celebraci\u00f3n de un acontecimiento como es la Independencia de Rep\u00fablica Dominicana.  <\/span><\/p>\n<h6> 2009-02-25 21:35:26 <\/h6>\n<p><!--\n<link rel=\"stylesheet\" href=\"css\/bootstrap.min.css\">\n\n\n<ul class=\"pagination\">\n\t    \n\t\n\n<li >\n\t<a href='?page_no=20547'>Previous<\/a>\n\t<\/li>\n\n\n       \n    \n\n<li><a href='?page_no=1'>1<\/a><\/li>\n\n\n\n<li><a href='?page_no=2'>2<\/a><\/li>\n\n\n\n<li><a>...<\/a><\/li>\n\n\n\n<li><a href='?page_no=20546'>20546<\/a><\/li>\n\n\n\n<li><a href='?page_no=20547'>20547<\/a><\/li>\n\n\n\n<li class='active'><a>20548<\/a><\/li>\n\n\n\n<li><a href='?page_no=20549'>20549<\/a><\/li>\n\n\n\n<li><a href='?page_no=20550'>20550<\/a><\/li>\n\n\n\n<li><a>...<\/a><\/li>\n\n\n\n<li><a href='?page_no=22522'>22522<\/a><\/li>\n\n\n\n<li><a href='?page_no=22523'>22523<\/a><\/li>\n\n    \n\t\n\n<li >\n\t<a href='?page_no=20549'>Next<\/a>\n\t<\/li>\n\n\n    \n\n<li><a href='?page_no=22523'>Last &rsaquo;&rsaquo;<\/a><\/li>\n\n<\/ul>\n\n\n--><br \/>\n<\/body><\/p>\n","protected":false},"excerpt":{"rendered":"<p>AILA. SANTO DOMINGO, Rep\u00fablica Dominicana ? Como cada a\u00f1o, los empleados de American Airlines celebrar\u00e1n la Dominicanidad este 27 de febrero, vistiendo de vistosos y coloridos trajes de carnaval en su estaci\u00f3n del Aeropuerto Internacional Las Am\u00e9ricas Jos\u00e9 Francisco Pe\u00f1a G\u00f3mez. El personal de servicio de la aerol\u00ednea compartir\u00e1 con todos los pasajeros, ofreciendo atenciones [&hellip;]<\/p>\n","protected":false},"author":3,"featured_media":0,"comment_status":"open","ping_status":"open","sticky":false,"template":"","format":"standard","meta":{"footnotes":""},"categories":[25],"tags":[],"class_list":["post-91926","post","type-post","status-publish","format-standard","hentry","category-gente"],"_links":{"self":[{"href":"https:\/\/diariodominicano.com\/index.php?rest_route=\/wp\/v2\/posts\/91926","targetHints":{"allow":["GET"]}}],"collection":[{"href":"https:\/\/diariodominicano.com\/index.php?rest_route=\/wp\/v2\/posts"}],"about":[{"href":"https:\/\/diariodominicano.com\/index.php?rest_route=\/wp\/v2\/types\/post"}],"author":[{"embeddable":true,"href":"https:\/\/diariodominicano.com\/index.php?rest_route=\/wp\/v2\/users\/3"}],"replies":[{"embeddable":true,"href":"https:\/\/diariodominicano.com\/index.php?rest_route=%2Fwp%2Fv2%2Fcomments&post=91926"}],"version-history":[{"count":0,"href":"https:\/\/diariodominicano.com\/index.php?rest_route=\/wp\/v2\/posts\/91926\/revisions"}],"wp:attachment":[{"href":"https:\/\/diariodominicano.com\/index.php?rest_route=%2Fwp%2Fv2%2Fmedia&parent=91926"}],"wp:term":[{"taxonomy":"category","embeddable":true,"href":"https:\/\/diariodominicano.com\/index.php?rest_route=%2Fwp%2Fv2%2Fcategories&post=91926"},{"taxonomy":"post_tag","embeddable":true,"href":"https:\/\/diariodominicano.com\/index.php?rest_route=%2Fwp%2Fv2%2Ftags&post=91926"}],"curies":[{"name":"wp","href":"https:\/\/api.w.org\/{rel}","templated":true}]}}