{"id":91924,"date":"2009-02-26T15:06:01","date_gmt":"2009-02-26T15:06:01","guid":{"rendered":"http:\/\/diariodominicano.ddns.net\/?p=91924"},"modified":"2009-02-26T15:06:01","modified_gmt":"2009-02-26T15:06:01","slug":"rector-uasd-afirma-ensenanza-via-internet-sera-una-realidad-en-esa-academia","status":"publish","type":"post","link":"https:\/\/diariodominicano.com\/?p=91924","title":{"rendered":"Rector UASD Afirma Ense\u00f1anza V\u00eda Internet Ser\u00e1 una Realidad en esa Academia"},"content":{"rendered":"<p><body><\/p>\n<p><span class=\"text1noticias\">El rector de la Universidad Aut\u00f3noma de Santo Domingo (UASD), doctor Franklin Garc\u00eda Ferm\u00edn, afirm\u00f3 que las nuevas tecnolog\u00edas de la informaci\u00f3n y la comunicaci\u00f3n son necesarias en el mundo educativo, por lo que recomend\u00f3 a profesores, empleados y estudiantes a prepararse, porque en un futuro cercano la ense\u00f1anza v\u00eda Internet ser\u00e1 una realidad en esa academia.<\/span><\/p>\n<\/p>\n<p><span class=\"text1noticias\">El doctor Garc\u00eda Ferm\u00edn, al pronunciar el discurso central de la ceremonia en que 1,181 nuevos profesionales se graduaron en distintas ramas del saber, 101 de los cuales obtuvieron lauros acad\u00e9micos, defendi\u00f3 el sistema de plataforma tecnol\u00f3gica implementado en la UASD para agilizar la reinscripci\u00f3n y matriculaci\u00f3n de los estudiantes.<\/span><\/p>\n<\/p>\n<p><span class=\"text1noticias\">En ese sentido, anunci\u00f3 que como parte de la ampliaci\u00f3n del proceso de automatizaci\u00f3n a los estudiantes prontamente se les entregar\u00e1 una tarjeta con la cual no s\u00f3lo podr\u00e1n pagar la inscripci\u00f3n sino tambi\u00e9n los servicios del comedor y cualquier otro que ofrezca la universidad.<\/span><\/p>\n<\/p>\n<p><span class=\"text1noticias\">En cuanto al uso del Internet en el trabajo pedag\u00f3gico y did\u00e1ctico, consider\u00f3 que el mismo es una respuesta necesaria a la r\u00e1pida evoluci\u00f3n de las tecnolog\u00edas de la informaci\u00f3n y los descubrimientos habidos en las \u00faltimas d\u00e9cadas, tras indicar que ?ni la televisi\u00f3n ni la energ\u00eda nuclear ni la conquista del espacio ni los ordenadores ha ejercido un papel tan decisivo en la revoluci\u00f3n tecnol\u00f3gica como la Internet?.<\/span><\/p>\n<\/p>\n<p><span class=\"text1noticias\">?En la Era del Conocimiento, el trabajo pedag\u00f3gico tiende a complicarse, pues en los procesos docentes se prioriza la construcci\u00f3n del conocimiento, para lo cual se necesitan herramientas y recursos t\u00e9cnicos que permitan un aprendizaje seguro, amplio y duradero?, manifest\u00f3 ante los miembros del Consejo Universitario y los miles de graduandos y familiares que se congregaron en la Plaza H\u00e9roes de Abril, donde se realiz\u00f3 la ceremonia.<\/span><\/p>\n<\/p>\n<p><span class=\"text1noticias\">El rector de la Primada de Am\u00e9rica dijo que el hecho de que existan universidades que est\u00e9n adaptando sus actuales programas de ense\u00f1anza a distancia a las t\u00e9cnicas de Internet es una muestra de que son reales las posibilidades de \u00e9sta como un instrumento para la expansi\u00f3n de las oportunidades educativas.<\/span><\/p>\n<\/p>\n<p><span class=\"text1noticias\">Previo a pronunciar el discurso central del acto, al rector Garc\u00eda Ferm\u00edn le correspondi\u00f3 en medio de la emoci\u00f3n natural de un progenitor entregar el t\u00edtulo de Licenciada en Derecho a su hija Berly Pamela Garc\u00eda N\u00fa\u00f1ez, por haberse graduado con honores Magna Cum Laude.<\/span><\/p>\n<\/p>\n<p><span class=\"text1noticias\">De igual modo, como m\u00e1xima autoridad universitaria entreg\u00f3 el t\u00edtulo de Licenciada en Contabilidad a la <\/span><\/p>\n<p><span class=\"text1noticias\">se\u00f1ora Erica Luc\u00eda Contreras Romano, quien obtuvo el laudo Magna Cum Laude con 93.8 puntos, para el mayor \u00edndice de los 1,181 estudiantes que se graduaron.<\/span><\/p>\n<\/p>\n<p><span class=\"text1noticias\">Por obtener mayor \u00edndice acad\u00e9mico, Contreras Romano pronunci\u00f3 el discurso en representaci\u00f3n de sus dem\u00e1s compa\u00f1eros graduandos, ocasi\u00f3n que aprovech\u00f3 para agradecer a la UASD por abrir la ruta de la ense\u00f1anza a los hijos del pueblo y recomend\u00f3 a los nuevos profesionales a que prediquen con el ejemplo y pongan sus mejores esfuerzos en beneficio de la sociedad.<\/span><\/p>\n<\/p>\n<p><span class=\"text1noticias\">La ceremonia de Investidura Ordinaria que estuvo encabezada por los miembros del Consejo Universitario, se inici\u00f3 con el desfile de los graduandos desde la explanada de la Facultad de Ciencias de la Salud hasta la Plaza H\u00e9roes de Abril, durante un recorrido acompa\u00f1ados de la Bandad de M\u00fasica de la UASD, dirigida por el profesor Leovigildo Javier.<\/span><\/p>\n<h6> 2009-02-26 15:06:01 <\/h6>\n<p><!--\n<link rel=\"stylesheet\" href=\"css\/bootstrap.min.css\">\n\n\n<ul class=\"pagination\">\n\t    \n\t\n\n<li >\n\t<a href='?page_no=20545'>Previous<\/a>\n\t<\/li>\n\n\n       \n    \n\n<li><a href='?page_no=1'>1<\/a><\/li>\n\n\n\n<li><a href='?page_no=2'>2<\/a><\/li>\n\n\n\n<li><a>...<\/a><\/li>\n\n\n\n<li><a href='?page_no=20544'>20544<\/a><\/li>\n\n\n\n<li><a href='?page_no=20545'>20545<\/a><\/li>\n\n\n\n<li class='active'><a>20546<\/a><\/li>\n\n\n\n<li><a href='?page_no=20547'>20547<\/a><\/li>\n\n\n\n<li><a href='?page_no=20548'>20548<\/a><\/li>\n\n\n\n<li><a>...<\/a><\/li>\n\n\n\n<li><a href='?page_no=22522'>22522<\/a><\/li>\n\n\n\n<li><a href='?page_no=22523'>22523<\/a><\/li>\n\n    \n\t\n\n<li >\n\t<a href='?page_no=20547'>Next<\/a>\n\t<\/li>\n\n\n    \n\n<li><a href='?page_no=22523'>Last &rsaquo;&rsaquo;<\/a><\/li>\n\n<\/ul>\n\n\n--><br \/>\n<\/body><\/p>\n","protected":false},"excerpt":{"rendered":"<p>El rector de la Universidad Aut\u00f3noma de Santo Domingo (UASD), doctor Franklin Garc\u00eda Ferm\u00edn, afirm\u00f3 que las nuevas tecnolog\u00edas de la informaci\u00f3n y la comunicaci\u00f3n son necesarias en el mundo educativo, por lo que recomend\u00f3 a profesores, empleados y estudiantes a prepararse, porque en un futuro cercano la ense\u00f1anza v\u00eda Internet ser\u00e1 una realidad en [&hellip;]<\/p>\n","protected":false},"author":3,"featured_media":0,"comment_status":"open","ping_status":"open","sticky":false,"template":"","format":"standard","meta":{"footnotes":""},"categories":[25],"tags":[],"class_list":["post-91924","post","type-post","status-publish","format-standard","hentry","category-gente"],"_links":{"self":[{"href":"https:\/\/diariodominicano.com\/index.php?rest_route=\/wp\/v2\/posts\/91924","targetHints":{"allow":["GET"]}}],"collection":[{"href":"https:\/\/diariodominicano.com\/index.php?rest_route=\/wp\/v2\/posts"}],"about":[{"href":"https:\/\/diariodominicano.com\/index.php?rest_route=\/wp\/v2\/types\/post"}],"author":[{"embeddable":true,"href":"https:\/\/diariodominicano.com\/index.php?rest_route=\/wp\/v2\/users\/3"}],"replies":[{"embeddable":true,"href":"https:\/\/diariodominicano.com\/index.php?rest_route=%2Fwp%2Fv2%2Fcomments&post=91924"}],"version-history":[{"count":0,"href":"https:\/\/diariodominicano.com\/index.php?rest_route=\/wp\/v2\/posts\/91924\/revisions"}],"wp:attachment":[{"href":"https:\/\/diariodominicano.com\/index.php?rest_route=%2Fwp%2Fv2%2Fmedia&parent=91924"}],"wp:term":[{"taxonomy":"category","embeddable":true,"href":"https:\/\/diariodominicano.com\/index.php?rest_route=%2Fwp%2Fv2%2Fcategories&post=91924"},{"taxonomy":"post_tag","embeddable":true,"href":"https:\/\/diariodominicano.com\/index.php?rest_route=%2Fwp%2Fv2%2Ftags&post=91924"}],"curies":[{"name":"wp","href":"https:\/\/api.w.org\/{rel}","templated":true}]}}