{"id":91923,"date":"2009-02-26T20:37:24","date_gmt":"2009-02-26T20:37:24","guid":{"rendered":"http:\/\/diariodominicano.ddns.net\/?p=91923"},"modified":"2009-02-26T20:37:24","modified_gmt":"2009-02-26T20:37:24","slug":"uasd-suspende-docencia-hoy-por-presentacion-de-los-guaraguao","status":"publish","type":"post","link":"https:\/\/diariodominicano.com\/?p=91923","title":{"rendered":"UASD suspende docencia hoy por presentaci\u00f3n de Los Guaraguao"},"content":{"rendered":"<p><body><\/p>\n<p><img decoding=\"async\" src=\"http:\/\/localhost:8080\/gente\/img3\/guata.jpg\" \/>  <\/p>\n<p><span class=\"text1noticias\">La Universidad Aut\u00f3noma de Santo Domingo suspendi\u00f3 hoy la docencia a partir de las 5:00 de la tarde, con el objetivo de dar facilidades a las personas que deseen asistir al espect\u00e1culo art\u00edstico ?Un Canto para la Paz?, del conjunto venezolano Los Guaraguao. <\/span><\/p>\n<\/p>\n<p><span class=\"text1noticias\">El rector de la UASD, doctor Franklin Garc\u00eda Ferm\u00edn, manifest\u00f3 que tomando en cuenta que el Aula Magna se convertir\u00e1 en el centro de atenci\u00f3n con dicha presentaci\u00f3n, tanto hoy como ma\u00f1ana desde las 9:00 de la noche, le abre el espacio al p\u00fablico para que esa actividad tenga el \u00e9xito esperado.<\/span><\/p>\n<\/p>\n<p><span class=\"text1noticias\">?Los Guaraguao? se presentan durante los d\u00edas 26 y 27 en la UASD y compartir\u00e1n escenario con el cantautor dominicano Ram\u00f3n Leonardo y su agrupaci\u00f3n Expresi\u00f3n Joven, quienes traen gratos recuerdos a los dominicanos por el festival ?Siete D\u00edas con el Pueblo?, que se realiz\u00f3 en la d\u00e9cada del 70 cuando los venezolanos visitaron por primera vez nuestro pa\u00eds.<\/span><\/p>\n<\/p>\n<p><span class=\"text1noticias\">Entre las canciones que hicieron famosa a esta agrupaci\u00f3n musical y que siempre han sido del agrado de la gente, figuran Las Casas de Cart\u00f3n, No Basta Rezar, Perd\u00f3neme T\u00edo Juan, Otra Vez, Me Gustan los Estudiantes, Ir\u00e9 Cantando, Qu\u00e9 Pasa en el Mundo, entre otras.<\/span><\/p>\n<\/p>\n<p><span class=\"text1noticias\">Esta es la primera vez que se presentan en la UASD y la segunda ocasi\u00f3n en Rep\u00fablica Dominicana con su concierto ?Un Canto para la Paz?, ya que el a\u00f1o pasado lo hicieron en el \u00d3valo de la Feria Ganadera.<\/span><\/p>\n<\/p>\n<p><span class=\"text1noticias\">La academia de estudios superiores suspendi\u00f3 la docencia durante el d\u00eda 25 de febrero a partir de las 2:00 de la tarde, por la graduaci\u00f3n ordinaria, donde se invistieron mil 181 nuevos profesionales, al tiempo de informar que los d\u00edas 27 y 28 del presente mes no habr\u00e1 docencia para aquellos profesores que deben desplazarse hacia los centros universitarios regionales.<\/span><\/p>\n<\/p>\n<p><span class=\"text1noticias\">Sin embargo, aclar\u00f3 que el s\u00e1bado habr\u00e1 clases para aquellos profesores y maestros residentes en las localidades donde funcionan dichos centros, igual que en la Sede Central.<\/span><\/p>\n<h6> 2009-02-26 20:37:24 <\/h6>\n<p><!--\n<link rel=\"stylesheet\" href=\"css\/bootstrap.min.css\">\n\n\n<ul class=\"pagination\">\n\t    \n\t\n\n<li >\n\t<a href='?page_no=20544'>Previous<\/a>\n\t<\/li>\n\n\n       \n    \n\n<li><a href='?page_no=1'>1<\/a><\/li>\n\n\n\n<li><a href='?page_no=2'>2<\/a><\/li>\n\n\n\n<li><a>...<\/a><\/li>\n\n\n\n<li><a href='?page_no=20543'>20543<\/a><\/li>\n\n\n\n<li><a href='?page_no=20544'>20544<\/a><\/li>\n\n\n\n<li class='active'><a>20545<\/a><\/li>\n\n\n\n<li><a href='?page_no=20546'>20546<\/a><\/li>\n\n\n\n<li><a href='?page_no=20547'>20547<\/a><\/li>\n\n\n\n<li><a>...<\/a><\/li>\n\n\n\n<li><a href='?page_no=22522'>22522<\/a><\/li>\n\n\n\n<li><a href='?page_no=22523'>22523<\/a><\/li>\n\n    \n\t\n\n<li >\n\t<a href='?page_no=20546'>Next<\/a>\n\t<\/li>\n\n\n    \n\n<li><a href='?page_no=22523'>Last &rsaquo;&rsaquo;<\/a><\/li>\n\n<\/ul>\n\n\n--><br \/>\n<\/body><\/p>\n","protected":false},"excerpt":{"rendered":"<p>La Universidad Aut\u00f3noma de Santo Domingo suspendi\u00f3 hoy la docencia a partir de las 5:00 de la tarde, con el objetivo de dar facilidades a las personas que deseen asistir al espect\u00e1culo art\u00edstico ?Un Canto para la Paz?, del conjunto venezolano Los Guaraguao. El rector de la UASD, doctor Franklin Garc\u00eda Ferm\u00edn, manifest\u00f3 que tomando [&hellip;]<\/p>\n","protected":false},"author":3,"featured_media":0,"comment_status":"open","ping_status":"open","sticky":false,"template":"","format":"standard","meta":{"footnotes":""},"categories":[25],"tags":[],"class_list":["post-91923","post","type-post","status-publish","format-standard","hentry","category-gente"],"_links":{"self":[{"href":"https:\/\/diariodominicano.com\/index.php?rest_route=\/wp\/v2\/posts\/91923","targetHints":{"allow":["GET"]}}],"collection":[{"href":"https:\/\/diariodominicano.com\/index.php?rest_route=\/wp\/v2\/posts"}],"about":[{"href":"https:\/\/diariodominicano.com\/index.php?rest_route=\/wp\/v2\/types\/post"}],"author":[{"embeddable":true,"href":"https:\/\/diariodominicano.com\/index.php?rest_route=\/wp\/v2\/users\/3"}],"replies":[{"embeddable":true,"href":"https:\/\/diariodominicano.com\/index.php?rest_route=%2Fwp%2Fv2%2Fcomments&post=91923"}],"version-history":[{"count":0,"href":"https:\/\/diariodominicano.com\/index.php?rest_route=\/wp\/v2\/posts\/91923\/revisions"}],"wp:attachment":[{"href":"https:\/\/diariodominicano.com\/index.php?rest_route=%2Fwp%2Fv2%2Fmedia&parent=91923"}],"wp:term":[{"taxonomy":"category","embeddable":true,"href":"https:\/\/diariodominicano.com\/index.php?rest_route=%2Fwp%2Fv2%2Fcategories&post=91923"},{"taxonomy":"post_tag","embeddable":true,"href":"https:\/\/diariodominicano.com\/index.php?rest_route=%2Fwp%2Fv2%2Ftags&post=91923"}],"curies":[{"name":"wp","href":"https:\/\/api.w.org\/{rel}","templated":true}]}}