{"id":91922,"date":"2009-02-26T22:07:24","date_gmt":"2009-02-26T22:07:24","guid":{"rendered":"http:\/\/diariodominicano.ddns.net\/?p=91922"},"modified":"2009-02-26T22:07:24","modified_gmt":"2009-02-26T22:07:24","slug":"acroarte-anuncia-actos-para-celebrar-los-25-anos-de-su-fundacion","status":"publish","type":"post","link":"https:\/\/diariodominicano.com\/?p=91922","title":{"rendered":"Acroarte anuncia actos para celebrar  los 25 a\u00f1os de su fundaci\u00f3n"},"content":{"rendered":"<p><body><\/p>\n<p><span class=\"text1noticias\">SANTO DOMINGO, 26 DE FEBRERO 2009.-La Asociaci\u00f3n de Cronistas de Arte (Acroarte) anunci\u00f3 el programa de los actos de celebraci\u00f3n del 25 aniversario de su fundaci\u00f3n que inicia este s\u00e1bado a las 10 de la ma\u00f1ana con una Ofrenda Floral en el Altar de la Patria y concluir\u00e1 con la Entrega de los premios Casandra el 24 de marzo.<\/span><\/p>\n<p><span class=\"text1noticias\"> <\/span><\/p>\n<p><span class=\"text1noticias\">El programa de actividades fue dado a conocer por la presidenta de Acroarte, Marivell Contreras, quien dijo que los actos incluyen adem\u00e1s la inauguraci\u00f3n del Paseo de Casandra el pr\u00f3ximo 22 de marzo.<\/span><\/p>\n<p><span class=\"text1noticias\"> <\/span><\/p>\n<p><span class=\"text1noticias\">En ese paseo se dejar\u00e1 instalada la Galer\u00eda de los Soberanos ya que se trata de un homenaje al artista dominicano junto al Ayuntamiento del Distrito Nacional y su alcalde, don Roberto Salcedo.<\/span><\/p>\n<p><span class=\"text1noticias\"> <\/span><\/p>\n<p><span class=\"text1noticias\">En la inauguraci\u00f3n de esta plaza el la sala capitular Ayuntamiento del Distrito Nacional entregar\u00e1 la llave de la ciudad a los artistas extranjeros invitados a la entrega  de los premios Casandra, galard\u00f3n que tiene el patrocinio de la Cervecer\u00eda Nacional Dominicana.<\/span><\/p>\n<p><span class=\"text1noticias\"> <\/span><\/p>\n<p><span class=\"text1noticias\">Este s\u00e1bado 28 de febrero Acroarte tiene previsto depositar una  ofrenda floral en el Altar de la Patria con ocasi\u00f3n de cumplirse ese d\u00eda el 25 aniversario de haber sido fundada esa entidad.<\/span><\/p>\n<p><span class=\"text1noticias\"> <\/span><\/p>\n<p><span class=\"text1noticias\">El 12 de marzo a las 10 de la ma\u00f1ana, Acroarte depositar\u00e1 una ofrenda floral en la tumba de la fenecida artista Casandra Damir\u00f3n en el Cementerio M\u00e1ximo G\u00f3mez, junto a los familiares y amigos de esta.<\/span><\/p>\n<p><span class=\"text1noticias\"> <\/span><\/p>\n<p><span class=\"text1noticias\">Ese mismo d\u00eda a las 6:00 de la tarde ser\u00e1 oficiada una misa por la memoria de Casandra Damir\u00f3n, la salud de los miembros de Acroarte  y el \u00e9xito de los Premios Casandra.<\/span><\/p>\n<p><span class=\"text1noticias\"> <\/span><\/p>\n<p><span class=\"text1noticias\">Marivel Contreras inform\u00f3 que la entidad tambi\u00e9n prepara un homenaje a los ex presidentes de Acroarte, en un acto que ser\u00e1 celebrado previo a la ceremonia del 24 de marzo en el Teatro Nacional.<\/span><\/p>\n<p><span class=\"text1noticias\"> <\/span><\/p>\n<p><span class=\"text1noticias\">La instituci\u00f3n, con este motivo, recibir\u00e1 varios reconocimientos entre los cuales destacan el aprobado por el Senado de la Rep\u00fablica y el de la Secretar\u00eda de Estado de Cultura.<\/span><\/p>\n<p><span class=\"text1noticias\"> <\/span><\/p>\n<p><span class=\"text1noticias\">La Asociaci\u00f3n de Cronistas de Arte, Inc. (Acroarte) es una instituci\u00f3n no gubernamental, sin fines de lucro creada el 28 de febrero de 1984. Incorporada por el Poder Ejecutivo el 19 de septiembre de 1986,<\/span><\/p>\n<p><span class=\"text1noticias\"> mediante decreto 241.<\/span><\/p>\n<p><span class=\"text1noticias\"> <\/span><\/p>\n<p><span class=\"text1noticias\">Acroarte fue fundada  por un grupo de cronistas de espect\u00e1culos que se puso como meta reconocer al artista dominicano a trav\u00e9s de los Premios Casandra.<\/span><\/p>\n<p><span class=\"text1noticias\"> <\/span><\/p>\n<p><span class=\"text1noticias\">Para identificar la premiaci\u00f3n, Acroarte escogi\u00f3 el nombre de Casandra Damir\u00f3n, insigne cantante y folklorista dominicana. Este galard\u00f3n arriba este a\u00f1o a su 25 aniversario como el m\u00e1s apreciado en su g\u00e9nero por los dominicanos.<\/span><\/p>\n<h6> 2009-02-26 22:07:24 <\/h6>\n<p><!--\n<link rel=\"stylesheet\" href=\"css\/bootstrap.min.css\">\n\n\n<ul class=\"pagination\">\n\t    \n\t\n\n<li >\n\t<a href='?page_no=20543'>Previous<\/a>\n\t<\/li>\n\n\n       \n    \n\n<li><a href='?page_no=1'>1<\/a><\/li>\n\n\n\n<li><a href='?page_no=2'>2<\/a><\/li>\n\n\n\n<li><a>...<\/a><\/li>\n\n\n\n<li><a href='?page_no=20542'>20542<\/a><\/li>\n\n\n\n<li><a href='?page_no=20543'>20543<\/a><\/li>\n\n\n\n<li class='active'><a>20544<\/a><\/li>\n\n\n\n<li><a href='?page_no=20545'>20545<\/a><\/li>\n\n\n\n<li><a href='?page_no=20546'>20546<\/a><\/li>\n\n\n\n<li><a>...<\/a><\/li>\n\n\n\n<li><a href='?page_no=22522'>22522<\/a><\/li>\n\n\n\n<li><a href='?page_no=22523'>22523<\/a><\/li>\n\n    \n\t\n\n<li >\n\t<a href='?page_no=20545'>Next<\/a>\n\t<\/li>\n\n\n    \n\n<li><a href='?page_no=22523'>Last &rsaquo;&rsaquo;<\/a><\/li>\n\n<\/ul>\n\n\n--><br \/>\n<\/body><\/p>\n","protected":false},"excerpt":{"rendered":"<p>SANTO DOMINGO, 26 DE FEBRERO 2009.-La Asociaci\u00f3n de Cronistas de Arte (Acroarte) anunci\u00f3 el programa de los actos de celebraci\u00f3n del 25 aniversario de su fundaci\u00f3n que inicia este s\u00e1bado a las 10 de la ma\u00f1ana con una Ofrenda Floral en el Altar de la Patria y concluir\u00e1 con la Entrega de los premios Casandra [&hellip;]<\/p>\n","protected":false},"author":3,"featured_media":0,"comment_status":"open","ping_status":"open","sticky":false,"template":"","format":"standard","meta":{"footnotes":""},"categories":[25],"tags":[],"class_list":["post-91922","post","type-post","status-publish","format-standard","hentry","category-gente"],"_links":{"self":[{"href":"https:\/\/diariodominicano.com\/index.php?rest_route=\/wp\/v2\/posts\/91922","targetHints":{"allow":["GET"]}}],"collection":[{"href":"https:\/\/diariodominicano.com\/index.php?rest_route=\/wp\/v2\/posts"}],"about":[{"href":"https:\/\/diariodominicano.com\/index.php?rest_route=\/wp\/v2\/types\/post"}],"author":[{"embeddable":true,"href":"https:\/\/diariodominicano.com\/index.php?rest_route=\/wp\/v2\/users\/3"}],"replies":[{"embeddable":true,"href":"https:\/\/diariodominicano.com\/index.php?rest_route=%2Fwp%2Fv2%2Fcomments&post=91922"}],"version-history":[{"count":0,"href":"https:\/\/diariodominicano.com\/index.php?rest_route=\/wp\/v2\/posts\/91922\/revisions"}],"wp:attachment":[{"href":"https:\/\/diariodominicano.com\/index.php?rest_route=%2Fwp%2Fv2%2Fmedia&parent=91922"}],"wp:term":[{"taxonomy":"category","embeddable":true,"href":"https:\/\/diariodominicano.com\/index.php?rest_route=%2Fwp%2Fv2%2Fcategories&post=91922"},{"taxonomy":"post_tag","embeddable":true,"href":"https:\/\/diariodominicano.com\/index.php?rest_route=%2Fwp%2Fv2%2Ftags&post=91922"}],"curies":[{"name":"wp","href":"https:\/\/api.w.org\/{rel}","templated":true}]}}