{"id":91921,"date":"2009-02-26T22:13:47","date_gmt":"2009-02-26T22:13:47","guid":{"rendered":"http:\/\/diariodominicano.ddns.net\/?p=91921"},"modified":"2009-02-26T22:13:47","modified_gmt":"2009-02-26T22:13:47","slug":"exitos-de-ana-gabriel-y-javier-solis-en-dos-albumes","status":"publish","type":"post","link":"https:\/\/diariodominicano.com\/?p=91921","title":{"rendered":"\u00c9xitos de Ana Gabriel y Javier Sol\u00eds en dos \u00e1lbumes"},"content":{"rendered":"<p><body><\/p>\n<p><span class=\"text1noticias\">Miami, FL, 26 de febrero del 2009.- Ana Gabriel y Javier Sol\u00eds, dos grandes de M\u00e9xico reunidos en dos producciones para la historia, es el resultado del m\u00e1s reciente lanzamiento del sello discogr\u00e1fico Sony Music titulados ?Ana Gabriel? Para Ti? y ?Javier Sol\u00eds? Para Ti?, en un empaque que contienes dos \u00e1lbumes cada uno.<\/span><\/p>\n<\/p>\n<p><span class=\"text1noticias\">\u00c9xitos como ?\u00bfQui\u00e9n Como T\u00fa??, ?Ahora?, ?Cosas Del Amor?, ?Luna? y ?Huelo A Soledad?, temas que llegaron al coraz\u00f3n de millones de fans por toda Iberoam\u00e9rica, y que podr\u00e1n ser revividos una vez m\u00e1s en la voz de Ana Gabriel, una de las int\u00e9rpretes m\u00e1s sobresalientes de la canci\u00f3n mexicana.<\/span><\/p>\n<\/p>\n<p><span class=\"text1noticias\">Por su parte, ?El Rey del Bolero Ranchero?, se rescatan aquellas reliquias que marcaron el cancionero latinoamericano para siempre tales como ?Llorar\u00e1s, Llorar\u00e1s?, ?En Mi Viejo San Juan?, ?La Retirada?, ?Perfidia?, y ?El Pecador?, entre otros.<\/span><\/p>\n<\/p>\n<p><span class=\"text1noticias\">Estos \u00e1lbumes, que saldr\u00e1n a la venta el pr\u00f3ximo 3 de marzo, llegan en discos dobles bajo los t\u00edtulos: ?La Reina Canta A M\u00e9xico? e ?Historia De Una Reina?; as\u00ed como ?Para Siempre? Javier Sol\u00eds? y ?\u00c9xitos de Pel\u00edcula?, respectivamente.<\/span><\/p>\n<h6> 2009-02-26 22:13:47 <\/h6>\n<p><!--\n<link rel=\"stylesheet\" href=\"css\/bootstrap.min.css\">\n\n\n<ul class=\"pagination\">\n\t    \n\t\n\n<li >\n\t<a href='?page_no=20542'>Previous<\/a>\n\t<\/li>\n\n\n       \n    \n\n<li><a href='?page_no=1'>1<\/a><\/li>\n\n\n\n<li><a href='?page_no=2'>2<\/a><\/li>\n\n\n\n<li><a>...<\/a><\/li>\n\n\n\n<li><a href='?page_no=20541'>20541<\/a><\/li>\n\n\n\n<li><a href='?page_no=20542'>20542<\/a><\/li>\n\n\n\n<li class='active'><a>20543<\/a><\/li>\n\n\n\n<li><a href='?page_no=20544'>20544<\/a><\/li>\n\n\n\n<li><a href='?page_no=20545'>20545<\/a><\/li>\n\n\n\n<li><a>...<\/a><\/li>\n\n\n\n<li><a href='?page_no=22522'>22522<\/a><\/li>\n\n\n\n<li><a href='?page_no=22523'>22523<\/a><\/li>\n\n    \n\t\n\n<li >\n\t<a href='?page_no=20544'>Next<\/a>\n\t<\/li>\n\n\n    \n\n<li><a href='?page_no=22523'>Last &rsaquo;&rsaquo;<\/a><\/li>\n\n<\/ul>\n\n\n--><br \/>\n<\/body><\/p>\n","protected":false},"excerpt":{"rendered":"<p>Miami, FL, 26 de febrero del 2009.- Ana Gabriel y Javier Sol\u00eds, dos grandes de M\u00e9xico reunidos en dos producciones para la historia, es el resultado del m\u00e1s reciente lanzamiento del sello discogr\u00e1fico Sony Music titulados ?Ana Gabriel? Para Ti? y ?Javier Sol\u00eds? Para Ti?, en un empaque que contienes dos \u00e1lbumes cada uno. \u00c9xitos [&hellip;]<\/p>\n","protected":false},"author":3,"featured_media":0,"comment_status":"open","ping_status":"open","sticky":false,"template":"","format":"standard","meta":{"footnotes":""},"categories":[25],"tags":[],"class_list":["post-91921","post","type-post","status-publish","format-standard","hentry","category-gente"],"_links":{"self":[{"href":"https:\/\/diariodominicano.com\/index.php?rest_route=\/wp\/v2\/posts\/91921","targetHints":{"allow":["GET"]}}],"collection":[{"href":"https:\/\/diariodominicano.com\/index.php?rest_route=\/wp\/v2\/posts"}],"about":[{"href":"https:\/\/diariodominicano.com\/index.php?rest_route=\/wp\/v2\/types\/post"}],"author":[{"embeddable":true,"href":"https:\/\/diariodominicano.com\/index.php?rest_route=\/wp\/v2\/users\/3"}],"replies":[{"embeddable":true,"href":"https:\/\/diariodominicano.com\/index.php?rest_route=%2Fwp%2Fv2%2Fcomments&post=91921"}],"version-history":[{"count":0,"href":"https:\/\/diariodominicano.com\/index.php?rest_route=\/wp\/v2\/posts\/91921\/revisions"}],"wp:attachment":[{"href":"https:\/\/diariodominicano.com\/index.php?rest_route=%2Fwp%2Fv2%2Fmedia&parent=91921"}],"wp:term":[{"taxonomy":"category","embeddable":true,"href":"https:\/\/diariodominicano.com\/index.php?rest_route=%2Fwp%2Fv2%2Fcategories&post=91921"},{"taxonomy":"post_tag","embeddable":true,"href":"https:\/\/diariodominicano.com\/index.php?rest_route=%2Fwp%2Fv2%2Ftags&post=91921"}],"curies":[{"name":"wp","href":"https:\/\/api.w.org\/{rel}","templated":true}]}}