{"id":91918,"date":"2009-02-27T18:20:44","date_gmt":"2009-02-27T18:20:44","guid":{"rendered":"http:\/\/diariodominicano.ddns.net\/?p=91918"},"modified":"2009-02-27T18:20:44","modified_gmt":"2009-02-27T18:20:44","slug":"formacion-en-constelaciones-familiares-el-retorno-al-origen-2","status":"publish","type":"post","link":"https:\/\/diariodominicano.com\/?p=91918","title":{"rendered":"FORMACI\u00d3N EN CONSTELACIONES FAMILIARES EL RETORNO AL ORIGEN"},"content":{"rendered":"<p><body><\/p>\n<p><img decoding=\"async\" src=\"http:\/\/localhost:8080\/gente\/img3\/karir.jpg\" \/>  <\/p>\n<p><span class=\"text1noticias\">Los pr\u00f3ximos d\u00edas 6, 7 y 8 de marzo, la Lic. Karina Pereyra iniciar\u00e1 una formaci\u00f3n en Constelaciones Familiares que se celebrar\u00e1 en Rep\u00fablica Dominicana de marzo a agosto del 2009, con la participaci\u00f3n de un equipo interdisciplinario de especialistas en conducta humana.  Este diplomado se impartir\u00e1 en 6 m\u00f3dulos, en modalidad de un encuentro al mes en fin de semana. <\/span><\/p>\n<p><span class=\"text1noticias\"> <\/span><\/p>\n<p><span class=\"text1noticias\">Los (as) expertos (as) revelan que m\u00e1s del 80% de los problemas psicol\u00f3gicos que nos afectan a todos (as) vienen de nuestra historia y relaci\u00f3n familiar. El\/la hijo (a) por un amor ciego e infantil, adopta reacciones y soporta cargas que le dificultar\u00e1n la vida de adulto (a) embroll\u00e1ndolo (a) con enfermedades inexplicables, depresiones, suicidios, relaciones conflictivas, trastornos f\u00edsicos y ps\u00edquicos, dificultad de encontrar pareja, comportamiento conflictivo con alg\u00fan miembro (a) del sistema familiar, quiebras, etc. <\/span><\/p>\n<p><span class=\"text1noticias\"> <\/span><\/p>\n<p><span class=\"text1noticias\">No obstante, el mismo amor que enferm\u00f3 es el que tiene la sabidur\u00eda de la sanaci\u00f3n cuando se vuelve consciente. Una vez que la persona puede verlo, queda libre para ocupar su lugar y ?tomar? la fuerza de sus ancestros (as) y as\u00ed seguir adelante con su destino?<\/span><\/p>\n<p><span class=\"text1noticias\"> <\/span><\/p>\n<p><span class=\"text1noticias\">Bert Hellinger, te\u00f3logo y fil\u00f3sofo alem\u00e1n, es el creador de la Terapia sist\u00e9mica fenomenol\u00f3gica de las constelaciones familiares, en la que combina su experiencia de m\u00e1s de dos d\u00e9cadas como misionero cat\u00f3lico, pedagogo y psicoanalista experto en din\u00e1mica de grupo, terapia primal, an\u00e1lisis transaccional, terapia sist\u00e9mica, hipnoterapia y programaci\u00f3n neuroling\u00fc\u00edstica.<\/span><\/p>\n<\/p>\n<p><span class=\"text1noticias\">Su m\u00e9todo de configurar Constelaciones Familiares est\u00e1 enfocado directamente hacia la soluci\u00f3n y es una valiosa oferta terap\u00e9utica en el men\u00fa de las terapias breves, vali\u00e9ndole el reconocimiento psicoterap\u00e9utico tanto en el \u00e1mbito germano-parlante, como en el resto de Europa y Estados Unidos, donde viaja frecuentemente para presentar su novedoso abordaje. <\/span><\/p>\n<\/p>\n<p><span class=\"text1noticias\">Este trabajo est\u00e1 dirigido a psiquiatras, psic\u00f3logos (as), terapeutas, profesionales de la salud en todas las especialidades, educadores (as), fil\u00f3sofos (as), soci\u00f3logos (as), abogados (as), trabajadores (as) sociales, naturalistas, estudiantes y otras personas interesadas en conocer y\/o practicar herramientas que les lleven a saltar el umbral de sus limitaciones en temas como: personalidad, pareja, valores, trabajo, salud, prosperidad, relaciones familiares, crisis, entre otros.<\/span><\/p>\n<h6> 2009-02-27 18:20:44 <\/h6>\n<p><!--\n<link rel=\"stylesheet\" href=\"css\/bootstrap.min.css\">\n\n\n<ul class=\"pagination\">\n\t    \n\t\n\n<li >\n\t<a href='?page_no=20539'>Previous<\/a>\n\t<\/li>\n\n\n       \n    \n\n<li><a href='?page_no=1'>1<\/a><\/li>\n\n\n\n<li><a href='?page_no=2'>2<\/a><\/li>\n\n\n\n<li><a>...<\/a><\/li>\n\n\n\n<li><a href='?page_no=20538'>20538<\/a><\/li>\n\n\n\n<li><a href='?page_no=20539'>20539<\/a><\/li>\n\n\n\n<li class='active'><a>20540<\/a><\/li>\n\n\n\n<li><a href='?page_no=20541'>20541<\/a><\/li>\n\n\n\n<li><a href='?page_no=20542'>20542<\/a><\/li>\n\n\n\n<li><a>...<\/a><\/li>\n\n\n\n<li><a href='?page_no=22522'>22522<\/a><\/li>\n\n\n\n<li><a href='?page_no=22523'>22523<\/a><\/li>\n\n    \n\t\n\n<li >\n\t<a href='?page_no=20541'>Next<\/a>\n\t<\/li>\n\n\n    \n\n<li><a href='?page_no=22523'>Last &rsaquo;&rsaquo;<\/a><\/li>\n\n<\/ul>\n\n\n--><br \/>\n<\/body><\/p>\n","protected":false},"excerpt":{"rendered":"<p>Los pr\u00f3ximos d\u00edas 6, 7 y 8 de marzo, la Lic. Karina Pereyra iniciar\u00e1 una formaci\u00f3n en Constelaciones Familiares que se celebrar\u00e1 en Rep\u00fablica Dominicana de marzo a agosto del 2009, con la participaci\u00f3n de un equipo interdisciplinario de especialistas en conducta humana. Este diplomado se impartir\u00e1 en 6 m\u00f3dulos, en modalidad de un encuentro [&hellip;]<\/p>\n","protected":false},"author":3,"featured_media":0,"comment_status":"open","ping_status":"open","sticky":false,"template":"","format":"standard","meta":{"footnotes":""},"categories":[25],"tags":[],"class_list":["post-91918","post","type-post","status-publish","format-standard","hentry","category-gente"],"_links":{"self":[{"href":"https:\/\/diariodominicano.com\/index.php?rest_route=\/wp\/v2\/posts\/91918","targetHints":{"allow":["GET"]}}],"collection":[{"href":"https:\/\/diariodominicano.com\/index.php?rest_route=\/wp\/v2\/posts"}],"about":[{"href":"https:\/\/diariodominicano.com\/index.php?rest_route=\/wp\/v2\/types\/post"}],"author":[{"embeddable":true,"href":"https:\/\/diariodominicano.com\/index.php?rest_route=\/wp\/v2\/users\/3"}],"replies":[{"embeddable":true,"href":"https:\/\/diariodominicano.com\/index.php?rest_route=%2Fwp%2Fv2%2Fcomments&post=91918"}],"version-history":[{"count":0,"href":"https:\/\/diariodominicano.com\/index.php?rest_route=\/wp\/v2\/posts\/91918\/revisions"}],"wp:attachment":[{"href":"https:\/\/diariodominicano.com\/index.php?rest_route=%2Fwp%2Fv2%2Fmedia&parent=91918"}],"wp:term":[{"taxonomy":"category","embeddable":true,"href":"https:\/\/diariodominicano.com\/index.php?rest_route=%2Fwp%2Fv2%2Fcategories&post=91918"},{"taxonomy":"post_tag","embeddable":true,"href":"https:\/\/diariodominicano.com\/index.php?rest_route=%2Fwp%2Fv2%2Ftags&post=91918"}],"curies":[{"name":"wp","href":"https:\/\/api.w.org\/{rel}","templated":true}]}}