{"id":91915,"date":"2009-03-03T15:16:36","date_gmt":"2009-03-03T15:16:36","guid":{"rendered":"http:\/\/diariodominicano.ddns.net\/?p=91915"},"modified":"2009-03-03T15:16:36","modified_gmt":"2009-03-03T15:16:36","slug":"si-va-el-segmento-de-los-blogs-para-que-noche","status":"publish","type":"post","link":"https:\/\/diariodominicano.com\/?p=91915","title":{"rendered":"S\u00ed va el segmento de los blogs para \u00a1Qu\u00e9 noche!"},"content":{"rendered":"<p><body><\/p>\n<p><span class=\"text1noticias\">El lunes la periodista Mar\u00eda Cristina Rodr\u00edguez har\u00e1 una entrega especial en su segmento sobre esta herramienta digital. <\/span><\/p>\n<p><span class=\"text1noticias\"> <\/span><\/p>\n<p><span class=\"text1noticias\">El  segmento para promover la labor de los blogs que anunci\u00f3 Ram\u00f3n Pastrano para difundirlo a trav\u00e9s de su espacio \u00a1Qu\u00e9 noche!, si se har\u00e1 a pesar de que se hab\u00eda cancelado, inform\u00f3 ayer el comunicador, luego de que varios periodistas, comunicadores, bloggers, amigos y lectores de distintos portales de internet invitaran al tambi\u00e9n productor a que continuara con la propuesta que ser\u00e1 llevada por primera vez a la televisi\u00f3n. <\/span><\/p>\n<p><span class=\"text1noticias\"> <\/span><\/p>\n<p><span class=\"text1noticias\">Periodistas como Miguel \u00c1ngel Herrera, Mar\u00eda Cristina Rodr\u00edguez, Joseph C\u00e1ceres, el comunicador Jochy Santos, los bloggers Remo Del Orbe y Rams\u00e9s Peralta se pronunciaron en favor del comunicador, debido a que varios oyentes de ?El Mismo Golpe? hab\u00edan comentado que una secci\u00f3n similar se difund\u00eda por el interactivo y que Pastrano estar\u00eda copiando la idea, por lo que decidi\u00f3 no seguir con la propuesta, sin embargo, inform\u00f3 ayer (lunes) que s\u00ed va el segmento de los blogs.<\/span><\/p>\n<p><span class=\"text1noticias\"> <\/span><\/p>\n<p><span class=\"text1noticias\">El pr\u00f3ximo lunes la periodista Mar\u00eda Cristina Rodr\u00edguez, quien conduce el segmento de arte y espect\u00e1culo de \u00a1Qu\u00e9 noche!, har\u00e1 una entrega especial sobre esta herramienta digital. Mar\u00eda Cristina es la autora de la primera tesis universitaria sobre los blogs y periodismo en la Rep\u00fablica Dominicana.<\/span><\/p>\n<h6> 2009-03-03 15:16:36 <\/h6>\n<p><!--\n<link rel=\"stylesheet\" href=\"css\/bootstrap.min.css\">\n\n\n<ul class=\"pagination\">\n\t    \n\t\n\n<li >\n\t<a href='?page_no=20536'>Previous<\/a>\n\t<\/li>\n\n\n       \n    \n\n<li><a href='?page_no=1'>1<\/a><\/li>\n\n\n\n<li><a href='?page_no=2'>2<\/a><\/li>\n\n\n\n<li><a>...<\/a><\/li>\n\n\n\n<li><a href='?page_no=20535'>20535<\/a><\/li>\n\n\n\n<li><a href='?page_no=20536'>20536<\/a><\/li>\n\n\n\n<li class='active'><a>20537<\/a><\/li>\n\n\n\n<li><a href='?page_no=20538'>20538<\/a><\/li>\n\n\n\n<li><a href='?page_no=20539'>20539<\/a><\/li>\n\n\n\n<li><a>...<\/a><\/li>\n\n\n\n<li><a href='?page_no=22522'>22522<\/a><\/li>\n\n\n\n<li><a href='?page_no=22523'>22523<\/a><\/li>\n\n    \n\t\n\n<li >\n\t<a href='?page_no=20538'>Next<\/a>\n\t<\/li>\n\n\n    \n\n<li><a href='?page_no=22523'>Last &rsaquo;&rsaquo;<\/a><\/li>\n\n<\/ul>\n\n\n--><br \/>\n<\/body><\/p>\n","protected":false},"excerpt":{"rendered":"<p>El lunes la periodista Mar\u00eda Cristina Rodr\u00edguez har\u00e1 una entrega especial en su segmento sobre esta herramienta digital. El segmento para promover la labor de los blogs que anunci\u00f3 Ram\u00f3n Pastrano para difundirlo a trav\u00e9s de su espacio \u00a1Qu\u00e9 noche!, si se har\u00e1 a pesar de que se hab\u00eda cancelado, inform\u00f3 ayer el comunicador, luego [&hellip;]<\/p>\n","protected":false},"author":3,"featured_media":0,"comment_status":"open","ping_status":"open","sticky":false,"template":"","format":"standard","meta":{"footnotes":""},"categories":[25],"tags":[],"class_list":["post-91915","post","type-post","status-publish","format-standard","hentry","category-gente"],"_links":{"self":[{"href":"https:\/\/diariodominicano.com\/index.php?rest_route=\/wp\/v2\/posts\/91915","targetHints":{"allow":["GET"]}}],"collection":[{"href":"https:\/\/diariodominicano.com\/index.php?rest_route=\/wp\/v2\/posts"}],"about":[{"href":"https:\/\/diariodominicano.com\/index.php?rest_route=\/wp\/v2\/types\/post"}],"author":[{"embeddable":true,"href":"https:\/\/diariodominicano.com\/index.php?rest_route=\/wp\/v2\/users\/3"}],"replies":[{"embeddable":true,"href":"https:\/\/diariodominicano.com\/index.php?rest_route=%2Fwp%2Fv2%2Fcomments&post=91915"}],"version-history":[{"count":0,"href":"https:\/\/diariodominicano.com\/index.php?rest_route=\/wp\/v2\/posts\/91915\/revisions"}],"wp:attachment":[{"href":"https:\/\/diariodominicano.com\/index.php?rest_route=%2Fwp%2Fv2%2Fmedia&parent=91915"}],"wp:term":[{"taxonomy":"category","embeddable":true,"href":"https:\/\/diariodominicano.com\/index.php?rest_route=%2Fwp%2Fv2%2Fcategories&post=91915"},{"taxonomy":"post_tag","embeddable":true,"href":"https:\/\/diariodominicano.com\/index.php?rest_route=%2Fwp%2Fv2%2Ftags&post=91915"}],"curies":[{"name":"wp","href":"https:\/\/api.w.org\/{rel}","templated":true}]}}