{"id":91790,"date":"2009-03-27T20:54:03","date_gmt":"2009-03-27T20:54:03","guid":{"rendered":"http:\/\/diariodominicano.ddns.net\/?p=91790"},"modified":"2009-03-27T20:54:03","modified_gmt":"2009-03-27T20:54:03","slug":"celebraran-copa-moet-hennesy","status":"publish","type":"post","link":"https:\/\/diariodominicano.com\/?p=91790","title":{"rendered":"Celebraran copa moet hennesy"},"content":{"rendered":"<p><body><\/p>\n<p><img decoding=\"async\" src=\"http:\/\/localhost:8080\/gente\/img3\/copas.jpg\" \/>  <\/p>\n<p><span class=\"text1noticias\">Santo Domingo.-En este a\u00f1o, la IV Copa Invitacional de Polo Mo\u00ebt Hennessy-Casa de Campo se celebrar\u00e1 del 05 al 12 de Abril del 2009. Los detalles sobre todo lo que acontecer\u00e1 en este evento fueron dados a conocer en el exquisito ambiente de la Tienda Stiletto de esta ciudad.<\/span><\/p>\n<\/p>\n<p><span class=\"text1noticias\">El evento fue dirigido por el Sr. Andrew Brant, Gerente General de Vinos S.A., empresa representante en el pa\u00eds de la casa Mo\u00ebt Hennessy, que organiza cada a\u00f1o este prestigioso evento deportivo y social.<\/span><\/p>\n<\/p>\n<p><span class=\"text1noticias\">El Sr. Brant pronunci\u00f3 las palabras de bienvenida y present\u00f3 los detalles de esta cuarta versi\u00f3n del Torneo, que promete ser uno de los eventos de mayor trascendencia de este a\u00f1o.<\/span><\/p>\n<\/p>\n<p><span class=\"text1noticias\">La IV Copa Invitacional de Polo Mo\u00ebt Hennessy-Casa de Campo comenzar\u00e1 el Lunes 05 de Abril. El evento tendr\u00e1 un nivel deportivo y social excepcional debido a que se limitar\u00e1 la inscripci\u00f3n a seis equipos con h\u00e1ndicap de 8 ? 12, prometiendo juegos emocionantes y un ambiente selecto.<\/span><\/p>\n<\/p>\n<p><span class=\"text1noticias\">Se realizar\u00e1 un Coctel en Punto &amp; Corcho de la Marina, el jueves 09 de Abril en honor a los participantes del torneo, invitados especiales y patrocinadores.<\/span><\/p>\n<\/p>\n<p><span class=\"text1noticias\">Los ganadores ser\u00e1n premiados el s\u00e1bado 11 de abril, en un acto posterior a las finales del torneo, en la cancha I del Campo de Polo de Casa De Campo.<\/span><\/p>\n<\/p>\n<p><span class=\"text1noticias\">Este evento de lujo estar\u00e1 cargado de mucha elegancia, estilo y originalidad, contando con el patrocinio de la casa LVMH y sus marcas Mo\u00ebt &amp; Chandon, Veuve Clicquot, Krug, Vodka Belvedere y Cognac Hennessy, Grabo Estilo y ser\u00e1 un evento realizado por Lendof &amp; Asociados.<\/span><\/p>\n<h6> 2009-03-27 20:54:03 <\/h6>\n<p><!--\n<link rel=\"stylesheet\" href=\"css\/bootstrap.min.css\">\n\n\n<ul class=\"pagination\">\n\t    \n\t\n\n<li >\n\t<a href='?page_no=20411'>Previous<\/a>\n\t<\/li>\n\n\n       \n    \n\n<li><a href='?page_no=1'>1<\/a><\/li>\n\n\n\n<li><a href='?page_no=2'>2<\/a><\/li>\n\n\n\n<li><a>...<\/a><\/li>\n\n\n\n<li><a href='?page_no=20410'>20410<\/a><\/li>\n\n\n\n<li><a href='?page_no=20411'>20411<\/a><\/li>\n\n\n\n<li class='active'><a>20412<\/a><\/li>\n\n\n\n<li><a href='?page_no=20413'>20413<\/a><\/li>\n\n\n\n<li><a href='?page_no=20414'>20414<\/a><\/li>\n\n\n\n<li><a>...<\/a><\/li>\n\n\n\n<li><a href='?page_no=22522'>22522<\/a><\/li>\n\n\n\n<li><a href='?page_no=22523'>22523<\/a><\/li>\n\n    \n\t\n\n<li >\n\t<a href='?page_no=20413'>Next<\/a>\n\t<\/li>\n\n\n    \n\n<li><a href='?page_no=22523'>Last &rsaquo;&rsaquo;<\/a><\/li>\n\n<\/ul>\n\n\n--><br \/>\n<\/body><\/p>\n","protected":false},"excerpt":{"rendered":"<p>Santo Domingo.-En este a\u00f1o, la IV Copa Invitacional de Polo Mo\u00ebt Hennessy-Casa de Campo se celebrar\u00e1 del 05 al 12 de Abril del 2009. Los detalles sobre todo lo que acontecer\u00e1 en este evento fueron dados a conocer en el exquisito ambiente de la Tienda Stiletto de esta ciudad. El evento fue dirigido por el [&hellip;]<\/p>\n","protected":false},"author":3,"featured_media":0,"comment_status":"open","ping_status":"open","sticky":false,"template":"","format":"standard","meta":{"footnotes":""},"categories":[25],"tags":[],"class_list":["post-91790","post","type-post","status-publish","format-standard","hentry","category-gente"],"_links":{"self":[{"href":"https:\/\/diariodominicano.com\/index.php?rest_route=\/wp\/v2\/posts\/91790","targetHints":{"allow":["GET"]}}],"collection":[{"href":"https:\/\/diariodominicano.com\/index.php?rest_route=\/wp\/v2\/posts"}],"about":[{"href":"https:\/\/diariodominicano.com\/index.php?rest_route=\/wp\/v2\/types\/post"}],"author":[{"embeddable":true,"href":"https:\/\/diariodominicano.com\/index.php?rest_route=\/wp\/v2\/users\/3"}],"replies":[{"embeddable":true,"href":"https:\/\/diariodominicano.com\/index.php?rest_route=%2Fwp%2Fv2%2Fcomments&post=91790"}],"version-history":[{"count":0,"href":"https:\/\/diariodominicano.com\/index.php?rest_route=\/wp\/v2\/posts\/91790\/revisions"}],"wp:attachment":[{"href":"https:\/\/diariodominicano.com\/index.php?rest_route=%2Fwp%2Fv2%2Fmedia&parent=91790"}],"wp:term":[{"taxonomy":"category","embeddable":true,"href":"https:\/\/diariodominicano.com\/index.php?rest_route=%2Fwp%2Fv2%2Fcategories&post=91790"},{"taxonomy":"post_tag","embeddable":true,"href":"https:\/\/diariodominicano.com\/index.php?rest_route=%2Fwp%2Fv2%2Ftags&post=91790"}],"curies":[{"name":"wp","href":"https:\/\/api.w.org\/{rel}","templated":true}]}}