{"id":91782,"date":"2009-03-30T17:22:51","date_gmt":"2009-03-30T17:22:51","guid":{"rendered":"http:\/\/diariodominicano.ddns.net\/?p=91782"},"modified":"2009-03-30T17:22:51","modified_gmt":"2009-03-30T17:22:51","slug":"jorge-ramos-publica-libro-sobre-reforma-migratoria","status":"publish","type":"post","link":"https:\/\/diariodominicano.com\/?p=91782","title":{"rendered":"Jorge Ramos publica libro sobre reforma migratoria"},"content":{"rendered":"<p><body><\/p>\n<p><span class=\"text1noticias\">Miami, FL, 30 de marzo del 2009.- El destacado periodista y escritor mexicano Jorge Ramos da voz a los que no la tienen en su nuevo libro sobre reforma migratoria que se titula ?Tierra de todos? y que sale a la venta el 12 de mayo, distribuido por la editora Vintage Espa\u00f1ol.<\/span><\/p>\n<\/p>\n<p><span class=\"text1noticias\">El libro surge tras la promesa que Barack Obama le hizo al autor. Le dijo que le garantizaba que durante su primer a\u00f1o en el poder buscar\u00eda la legalizaci\u00f3n de 12 millones de indocumentados. Y esta obra es su manera de ayudar a convertir esa promesa en realidad.<\/span><\/p>\n<\/p>\n<p><span class=\"text1noticias\">En \u00e9sta, su d\u00e9cima obra, Ramos nos presenta, en su acostumbrado estilo directo y claro, las diez razones por las cuales los inmigrantes indocumentados deben ser legalizados en Estados Unidos, pero con respuestas contundentes a las cr\u00edticas arbitrarias que se hacen constantemente a esta poblaci\u00f3n.<\/span><\/p>\n<\/p>\n<p><span class=\"text1noticias\">?Tierra de todos?, que tambi\u00e9n ser\u00e1 publicado en ingl\u00e9s, incluye un cap\u00edtulo especial dedicado al primer presidente hispano en la historia de Estados Unidos ?que como asegura Ramos ?ya naci\u00f3?? y otro dedicado a la importante participaci\u00f3n de los latinos en las elecciones presidenciales del 2008.<\/span><\/p>\n<\/p>\n<p><span class=\"text1noticias\">Jorge Ramos es considerado uno de los ?25 hispanos m\u00e1s influyentes de Estados Unidos?, de acuerdo a la revista Time; ha sido ganador de ocho premios Emmy y del premio Maria Moors Cabot que otorga la Universidad de Columbia. Desde 1986 es el conductor del ?Noticiero Univisi\u00f3n? y desde hace poco tambi\u00e9n dirige el programa de entrevistas y an\u00e1lisis pol\u00edtico ?Al Punto?.<\/span><\/p>\n<h6> 2009-03-30 17:22:51 <\/h6>\n<p><!--\n<link rel=\"stylesheet\" href=\"css\/bootstrap.min.css\">\n\n\n<ul class=\"pagination\">\n\t    \n\t\n\n<li >\n\t<a href='?page_no=20403'>Previous<\/a>\n\t<\/li>\n\n\n       \n    \n\n<li><a href='?page_no=1'>1<\/a><\/li>\n\n\n\n<li><a href='?page_no=2'>2<\/a><\/li>\n\n\n\n<li><a>...<\/a><\/li>\n\n\n\n<li><a href='?page_no=20402'>20402<\/a><\/li>\n\n\n\n<li><a href='?page_no=20403'>20403<\/a><\/li>\n\n\n\n<li class='active'><a>20404<\/a><\/li>\n\n\n\n<li><a href='?page_no=20405'>20405<\/a><\/li>\n\n\n\n<li><a href='?page_no=20406'>20406<\/a><\/li>\n\n\n\n<li><a>...<\/a><\/li>\n\n\n\n<li><a href='?page_no=22522'>22522<\/a><\/li>\n\n\n\n<li><a href='?page_no=22523'>22523<\/a><\/li>\n\n    \n\t\n\n<li >\n\t<a href='?page_no=20405'>Next<\/a>\n\t<\/li>\n\n\n    \n\n<li><a href='?page_no=22523'>Last &rsaquo;&rsaquo;<\/a><\/li>\n\n<\/ul>\n\n\n--><br \/>\n<\/body><\/p>\n","protected":false},"excerpt":{"rendered":"<p>Miami, FL, 30 de marzo del 2009.- El destacado periodista y escritor mexicano Jorge Ramos da voz a los que no la tienen en su nuevo libro sobre reforma migratoria que se titula ?Tierra de todos? y que sale a la venta el 12 de mayo, distribuido por la editora Vintage Espa\u00f1ol. El libro surge [&hellip;]<\/p>\n","protected":false},"author":3,"featured_media":0,"comment_status":"open","ping_status":"open","sticky":false,"template":"","format":"standard","meta":{"footnotes":""},"categories":[25],"tags":[],"class_list":["post-91782","post","type-post","status-publish","format-standard","hentry","category-gente"],"_links":{"self":[{"href":"https:\/\/diariodominicano.com\/index.php?rest_route=\/wp\/v2\/posts\/91782","targetHints":{"allow":["GET"]}}],"collection":[{"href":"https:\/\/diariodominicano.com\/index.php?rest_route=\/wp\/v2\/posts"}],"about":[{"href":"https:\/\/diariodominicano.com\/index.php?rest_route=\/wp\/v2\/types\/post"}],"author":[{"embeddable":true,"href":"https:\/\/diariodominicano.com\/index.php?rest_route=\/wp\/v2\/users\/3"}],"replies":[{"embeddable":true,"href":"https:\/\/diariodominicano.com\/index.php?rest_route=%2Fwp%2Fv2%2Fcomments&post=91782"}],"version-history":[{"count":0,"href":"https:\/\/diariodominicano.com\/index.php?rest_route=\/wp\/v2\/posts\/91782\/revisions"}],"wp:attachment":[{"href":"https:\/\/diariodominicano.com\/index.php?rest_route=%2Fwp%2Fv2%2Fmedia&parent=91782"}],"wp:term":[{"taxonomy":"category","embeddable":true,"href":"https:\/\/diariodominicano.com\/index.php?rest_route=%2Fwp%2Fv2%2Fcategories&post=91782"},{"taxonomy":"post_tag","embeddable":true,"href":"https:\/\/diariodominicano.com\/index.php?rest_route=%2Fwp%2Fv2%2Ftags&post=91782"}],"curies":[{"name":"wp","href":"https:\/\/api.w.org\/{rel}","templated":true}]}}