{"id":91779,"date":"2009-03-31T16:06:22","date_gmt":"2009-03-31T16:06:22","guid":{"rendered":"http:\/\/diariodominicano.ddns.net\/?p=91779"},"modified":"2009-03-31T16:06:22","modified_gmt":"2009-03-31T16:06:22","slug":"stiletto-fashion-night-sfn09","status":"publish","type":"post","link":"https:\/\/diariodominicano.com\/?p=91779","title":{"rendered":"Stiletto Fashion Night SFN?09"},"content":{"rendered":"<p><body><\/p>\n<p><img decoding=\"async\" src=\"http:\/\/localhost:8080\/gente\/img3\/fachion.jpg\" \/>  <\/p>\n<p><span class=\"text1noticias\">Santiago.- Primero fue en Santo Domingo con su Fashion Day, y ahora en la segunda Capital de la Rep\u00fablica Dominicana con su Fashion Night, en la que la  firma Stiletto present\u00f3, con motivo a esta Semana Santa que se avecina, una amplia colecci\u00f3n de ropas y trajes de ba\u00f1o con estilos deportivos, atrevidos y muy modernos.<\/span><\/p>\n<\/p>\n<p><span class=\"text1noticias\">Asistieron al desfile clientes y relacionados de la firma, quienes mostraron su satisfacci\u00f3n por las  exclusividades presentadas para la ocasi\u00f3n, de la marca Paul &amp; Shark, la cual se caracteriza por su calidad indiscutible. <\/span><\/p>\n<\/p>\n<p><span class=\"text1noticias\">Durante el Fashion Night Stiletto aprovech\u00f3 tambi\u00e9n  para presentar sus nuevas colecciones de temporada de las marcas Vilebrequin especializada en trajes de ba\u00f1os para hombres, la cual combina la elegancia y la libertad, complementada con sus coloridos estampados.<\/span><\/p>\n<\/p>\n<p><span class=\"text1noticias\">Se presentaron tambi\u00e9n l\u00edneas de Emporio Armani,  caracterizada por su estilo casual y sofisticado; La Perla, la marca m\u00e1s reconocida en el area de ropa interior y traje de ba\u00f1o; Vix; Chic y bohemio, la cual brinda todo lo que necesitas a la hora de ir a la playa.<\/span><\/p>\n<\/p>\n<p><span class=\"text1noticias\">Al desfile asistieron clientes, amigos y relacionados a los propietarios de la firma, Patricia Lama de Bonilla y Luis Jos\u00e9 Bonilla, quienes compartieron con sus amigos e invitados especiales y les mostraron las variedades que ofrecer\u00e1n durante esta temporada.<\/span><\/p>\n<\/p>\n<p><span class=\"text1noticias\">Stiletto, S.A.<\/span><\/p>\n<p><span class=\"text1noticias\">Es conocida en el pa\u00eds como representante exclusiva de las afamadas marcas  Gucci, Salvatore Ferragamo, Giorgio Armani, Armani Le Collezioni, Bottega Veneta, Dolce &amp; Gabbana y Giuzeppe Zanotti, ahora ampl\u00eda sus servicios para ofrecer mayor satisfacci\u00f3n y comodidad a sus fieles clientes dominicanos.<\/span><\/p>\n<\/p>\n<p><span class=\"text1noticias\">Es  propietario de las tiendas Stiletto y de la boutique de Salvatore Ferragamo en Puerto Rico. Es una sociedad que cumple con las leyes  de la Rep\u00fablica Dominicana.  Es  propiedad de la se\u00f1ora Patricia Lama de Bonilla y Luis Jos\u00e9 Bonilla. <\/span><\/p>\n<\/p>\n<p><span class=\"text1noticias\">Nace en el a\u00f1o  2000 con un  nuevo concepto de exclusividad en la Rep\u00fablica Dominicana, representando las m\u00e1s famosas marcas de la moda y el dise\u00f1o, caracter\u00edstica principal de la firma. <\/span><\/p>\n<p><span class=\"text1noticias\">En el pa\u00eds cuenta con tres tiendas: una en Santiago y dos en Santo Domingo, una en Acr\u00f3polis Center y la otra en la Max Henr\u00edquez Ure\u00f1a.<\/span><\/p>\n<\/p>\n<p><span class=\"text1noticias\">Dentro de cada una de sus tiendas tiene una completa exhibici\u00f3n de las \u00faltimas colecciones de cada marca, incluyendo zapatos, bolsos de mano, y una amplia gama de accesorios de cuero para caballeros y damas. <\/span><\/p>\n<h6> 2009-03-31 16:06:22 <\/h6>\n<p><!--\n<link rel=\"stylesheet\" href=\"css\/bootstrap.min.css\">\n\n\n<ul class=\"pagination\">\n\t    \n\t\n\n<li >\n\t<a href='?page_no=20400'>Previous<\/a>\n\t<\/li>\n\n\n       \n    \n\n<li><a href='?page_no=1'>1<\/a><\/li>\n\n\n\n<li><a href='?page_no=2'>2<\/a><\/li>\n\n\n\n<li><a>...<\/a><\/li>\n\n\n\n<li><a href='?page_no=20399'>20399<\/a><\/li>\n\n\n\n<li><a href='?page_no=20400'>20400<\/a><\/li>\n\n\n\n<li class='active'><a>20401<\/a><\/li>\n\n\n\n<li><a href='?page_no=20402'>20402<\/a><\/li>\n\n\n\n<li><a href='?page_no=20403'>20403<\/a><\/li>\n\n\n\n<li><a>...<\/a><\/li>\n\n\n\n<li><a href='?page_no=22522'>22522<\/a><\/li>\n\n\n\n<li><a href='?page_no=22523'>22523<\/a><\/li>\n\n    \n\t\n\n<li >\n\t<a href='?page_no=20402'>Next<\/a>\n\t<\/li>\n\n\n    \n\n<li><a href='?page_no=22523'>Last &rsaquo;&rsaquo;<\/a><\/li>\n\n<\/ul>\n\n\n--><br \/>\n<\/body><\/p>\n","protected":false},"excerpt":{"rendered":"<p>Santiago.- Primero fue en Santo Domingo con su Fashion Day, y ahora en la segunda Capital de la Rep\u00fablica Dominicana con su Fashion Night, en la que la firma Stiletto present\u00f3, con motivo a esta Semana Santa que se avecina, una amplia colecci\u00f3n de ropas y trajes de ba\u00f1o con estilos deportivos, atrevidos y muy [&hellip;]<\/p>\n","protected":false},"author":3,"featured_media":0,"comment_status":"open","ping_status":"open","sticky":false,"template":"","format":"standard","meta":{"footnotes":""},"categories":[25],"tags":[],"class_list":["post-91779","post","type-post","status-publish","format-standard","hentry","category-gente"],"_links":{"self":[{"href":"https:\/\/diariodominicano.com\/index.php?rest_route=\/wp\/v2\/posts\/91779","targetHints":{"allow":["GET"]}}],"collection":[{"href":"https:\/\/diariodominicano.com\/index.php?rest_route=\/wp\/v2\/posts"}],"about":[{"href":"https:\/\/diariodominicano.com\/index.php?rest_route=\/wp\/v2\/types\/post"}],"author":[{"embeddable":true,"href":"https:\/\/diariodominicano.com\/index.php?rest_route=\/wp\/v2\/users\/3"}],"replies":[{"embeddable":true,"href":"https:\/\/diariodominicano.com\/index.php?rest_route=%2Fwp%2Fv2%2Fcomments&post=91779"}],"version-history":[{"count":0,"href":"https:\/\/diariodominicano.com\/index.php?rest_route=\/wp\/v2\/posts\/91779\/revisions"}],"wp:attachment":[{"href":"https:\/\/diariodominicano.com\/index.php?rest_route=%2Fwp%2Fv2%2Fmedia&parent=91779"}],"wp:term":[{"taxonomy":"category","embeddable":true,"href":"https:\/\/diariodominicano.com\/index.php?rest_route=%2Fwp%2Fv2%2Fcategories&post=91779"},{"taxonomy":"post_tag","embeddable":true,"href":"https:\/\/diariodominicano.com\/index.php?rest_route=%2Fwp%2Fv2%2Ftags&post=91779"}],"curies":[{"name":"wp","href":"https:\/\/api.w.org\/{rel}","templated":true}]}}