{"id":91777,"date":"2009-03-31T17:41:02","date_gmt":"2009-03-31T17:41:02","guid":{"rendered":"http:\/\/diariodominicano.ddns.net\/?p=91777"},"modified":"2009-03-31T17:41:02","modified_gmt":"2009-03-31T17:41:02","slug":"tito-rojas-celebrara-en-grande-su-36-aniversario","status":"publish","type":"post","link":"https:\/\/diariodominicano.com\/?p=91777","title":{"rendered":"Tito Rojas Celebrar\u00e1 en grande su 36 Aniversario"},"content":{"rendered":"<p><body><\/p>\n<p><span class=\"text1noticias\">Santo Domingo. El cantante puertorrique\u00f1o Tito Rojas anunci\u00f3 que realizar\u00e1 en el mes de noviembre un gran espect\u00e1culo en su natal Puerto Rico para celebrar sus m\u00e1s de tres d\u00e9cadas en el ambiente art\u00edstico. Adelant\u00f3 que para este evento tendr\u00e1 como invitados destacadas figuras del merengue de las cuales no piensa dar detalles a\u00fan ya que forman parte de una sorpresa que el artista prepara  para el deleite de sus fieles seguidores. <\/span><\/p>\n<\/p>\n<p><span class=\"text1noticias\">El cantante al referirse sobre los obst\u00e1culos que ha tenido que librar en el trayecto de su carrera art\u00edstica, manifest\u00f3 que pas\u00f3 por momentos de grandes dificultades, logrando siempre salir adelante apoy\u00e1ndose en  las manifestaciones de cari\u00f1o y en la fidelidad de su p\u00fablico.<\/span><\/p>\n<\/p>\n<p><span class=\"text1noticias\">?He sufrido mucho, he chocado con la vida pero he aprendido que el que no sufre no vive y lo mas importante y a la vez lo mas dif\u00edcil es mantenerse, y gracias a Dios hasta el momento he logrado permanecer en el gusto del publico?<\/span><\/p>\n<\/p>\n<p><span class=\"text1noticias\">El interprete de los \u00e9xitos ?Cond\u00e9name a tu amor?, y ?Nadie es eterno? abord\u00f3 tambi\u00e9n el tema de los g\u00e9neros urbanos  diciendo que los exponentes de estos ritmos populares tambi\u00e9n tienen derecho a abrirse paso y a expresar su propio estilo de hacer m\u00fasica.<\/span><\/p>\n<\/p>\n<p><span class=\"text1noticias\">?Hice mi primer aporte al regueton cuando acepte grabar junto a Big Boys la canci\u00f3n ?He chocado con la vida? pues pienso que  tambi\u00e9n ellos tienen derecho a abrirse paso y a expresar su propio estilo de hacer m\u00fasica?.<\/span><\/p>\n<\/p>\n<p><span class=\"text1noticias\">Sobre la grabaci\u00f3n de una nueva producci\u00f3n Rojas asegur\u00f3 que para fines de a\u00f1o estar\u00e1 dando curso a un nuevo disco y que de hecho se encuentra actualmente seleccionando los temas para el mismo.  <\/span><\/p>\n<\/p>\n<p><span class=\"text1noticias\">A pesar de que el veterano salsero puertorrique\u00f1o lleva m\u00e1s de un a\u00f1o sin grabar una nueva producci\u00f3n, se ha mantenido vigente present\u00e1ndose en los m\u00e1s prestigiosos eventos internacionales ya que  goza de mucha acogida por la gran cantidad de \u00e9xitos que posee su amplio repertorio.<\/span><\/p>\n<\/p>\n<p><span class=\"text1noticias\">El Gallo Rojas ofreci\u00f3 estas informaciones a la periodista Marlene de los Santos, mediante una entrevista para el programa Panorama Nacional que se transmite los s\u00e1bados a las 6:00 P.M, por el canal 35 (Sport Visi\u00f3n).  <\/span><\/p>\n<h6> 2009-03-31 17:41:02 <\/h6>\n<p><!--\n<link rel=\"stylesheet\" href=\"css\/bootstrap.min.css\">\n\n\n<ul class=\"pagination\">\n\t    \n\t\n\n<li >\n\t<a href='?page_no=20398'>Previous<\/a>\n\t<\/li>\n\n\n       \n    \n\n<li><a href='?page_no=1'>1<\/a><\/li>\n\n\n\n<li><a href='?page_no=2'>2<\/a><\/li>\n\n\n\n<li><a>...<\/a><\/li>\n\n\n\n<li><a href='?page_no=20397'>20397<\/a><\/li>\n\n\n\n<li><a href='?page_no=20398'>20398<\/a><\/li>\n\n\n\n<li class='active'><a>20399<\/a><\/li>\n\n\n\n<li><a href='?page_no=20400'>20400<\/a><\/li>\n\n\n\n<li><a href='?page_no=20401'>20401<\/a><\/li>\n\n\n\n<li><a>...<\/a><\/li>\n\n\n\n<li><a href='?page_no=22522'>22522<\/a><\/li>\n\n\n\n<li><a href='?page_no=22523'>22523<\/a><\/li>\n\n    \n\t\n\n<li >\n\t<a href='?page_no=20400'>Next<\/a>\n\t<\/li>\n\n\n    \n\n<li><a href='?page_no=22523'>Last &rsaquo;&rsaquo;<\/a><\/li>\n\n<\/ul>\n\n\n--><br \/>\n<\/body><\/p>\n","protected":false},"excerpt":{"rendered":"<p>Santo Domingo. El cantante puertorrique\u00f1o Tito Rojas anunci\u00f3 que realizar\u00e1 en el mes de noviembre un gran espect\u00e1culo en su natal Puerto Rico para celebrar sus m\u00e1s de tres d\u00e9cadas en el ambiente art\u00edstico. Adelant\u00f3 que para este evento tendr\u00e1 como invitados destacadas figuras del merengue de las cuales no piensa dar detalles a\u00fan ya [&hellip;]<\/p>\n","protected":false},"author":3,"featured_media":0,"comment_status":"open","ping_status":"open","sticky":false,"template":"","format":"standard","meta":{"footnotes":""},"categories":[25],"tags":[],"class_list":["post-91777","post","type-post","status-publish","format-standard","hentry","category-gente"],"_links":{"self":[{"href":"https:\/\/diariodominicano.com\/index.php?rest_route=\/wp\/v2\/posts\/91777","targetHints":{"allow":["GET"]}}],"collection":[{"href":"https:\/\/diariodominicano.com\/index.php?rest_route=\/wp\/v2\/posts"}],"about":[{"href":"https:\/\/diariodominicano.com\/index.php?rest_route=\/wp\/v2\/types\/post"}],"author":[{"embeddable":true,"href":"https:\/\/diariodominicano.com\/index.php?rest_route=\/wp\/v2\/users\/3"}],"replies":[{"embeddable":true,"href":"https:\/\/diariodominicano.com\/index.php?rest_route=%2Fwp%2Fv2%2Fcomments&post=91777"}],"version-history":[{"count":0,"href":"https:\/\/diariodominicano.com\/index.php?rest_route=\/wp\/v2\/posts\/91777\/revisions"}],"wp:attachment":[{"href":"https:\/\/diariodominicano.com\/index.php?rest_route=%2Fwp%2Fv2%2Fmedia&parent=91777"}],"wp:term":[{"taxonomy":"category","embeddable":true,"href":"https:\/\/diariodominicano.com\/index.php?rest_route=%2Fwp%2Fv2%2Fcategories&post=91777"},{"taxonomy":"post_tag","embeddable":true,"href":"https:\/\/diariodominicano.com\/index.php?rest_route=%2Fwp%2Fv2%2Ftags&post=91777"}],"curies":[{"name":"wp","href":"https:\/\/api.w.org\/{rel}","templated":true}]}}