{"id":91776,"date":"2009-03-31T17:58:35","date_gmt":"2009-03-31T17:58:35","guid":{"rendered":"http:\/\/diariodominicano.ddns.net\/?p=91776"},"modified":"2009-03-31T17:58:35","modified_gmt":"2009-03-31T17:58:35","slug":"programa-de-becas-de-la-fundacion-jorge-abraham-hazoury-bahles-convocatoria-2009","status":"publish","type":"post","link":"https:\/\/diariodominicano.com\/?p=91776","title":{"rendered":"Programa de Becas de la Fundaci\u00f3n Jorge Abraham Hazoury Bahl\u00e9s Convocatoria 2009"},"content":{"rendered":"<p><body><\/p>\n<p><img decoding=\"async\" src=\"img3\/unibe.jpg\" \/>  <\/p>\n<p><span class=\"text1noticias\">El programa de becas L\u00edderes del Ma\u00f1ana, tiene como prop\u00f3sito identificar j\u00f3venes dominicanos que est\u00e9n actualmente en el 4to de bachillerato que hayan demostrado tener compromiso social y aptitudes de liderazgo acompa\u00f1ados de un buen desempe\u00f1o acad\u00e9mico para que puedan realizar su carrera universitaria en la Universidad Iberoamericana UNIBE<\/span><\/p>\n<\/p>\n<p><span class=\"text1noticias\">Este programa de becas tiene como caracter\u00edstica que le ofrece, al estudiante que sea seleccionado, la oportunidad de tener una experiencia formativa integral, en la cual al mismo tiempo que evolucionan en su carrera profesional de elecci\u00f3n, podr\u00e1n igualmente desarrollar aptitudes de liderazgo, esp\u00edritu emprendedor y compromiso social.<\/span><\/p>\n<\/p>\n<p><span class=\"text1noticias\">En este a\u00f1o 2009 se abri\u00f3 la tercera convocatoria para ser parte de los Lideres del Ma\u00f1ana, la cual est\u00e1 abierta para los j\u00f3venes bachilleres a nivel nacional que iniciar\u00e1n sus estudios de educaci\u00f3n superior pr\u00f3ximamente.<\/span><\/p>\n<\/p>\n<p><span class=\"text1noticias\">Ser un L\u00edder del Ma\u00f1ana en la UNIBE le ofrecer\u00e1 la oportunidad a los seleccionados de tener becas de matr\u00edcula, asesor\u00eda acad\u00e9mica, ser parte de los programas de desarrollo de liderazgo y esp\u00edritu emprendedor, adem\u00e1s de oportunidades de movilidad estudiantil a trav\u00e9s de los  intercambios con universidades e instituciones con las cuales UNIBE tiene acuerdos.<\/span><\/p>\n<\/p>\n<p><span class=\"text1noticias\">Los interesados deber\u00e1n entregar sus formularios de solicitud acompa\u00f1ados de su record de notas, copia de su acta de nacimiento, un ensayo sobre un tema de actualidad relacionado con la carrera de su elecci\u00f3n y 2 cartas de recomendaci\u00f3n.  Ya se est\u00e1n recibiendo las solicitudes, las cuales deben  ser entregadas en el Departamento de Admisiones de la UNIBE a m\u00e1s tardar el lunes 11 de mayo del 2009.<\/span><\/p>\n<\/p>\n<p><span class=\"text1noticias\">La experiencia con los Lideres del Ma\u00f1ana que se integraron en las convocatorias anteriores, un total de 60,  ha sido tan positiva que este a\u00f1o se reconfirma el compromiso y aumenta el entusiasmo de poder continuar recibiendo j\u00f3venes para integrarse a la Universidad.  <\/span><\/p>\n<\/p>\n<p><span class=\"text1noticias\">Aquellos que est\u00e9n interesados pueden pasar a recoger sus formularios de solicitud por la Universidad Iberoamericana, Ave. Francia 129, Gazcue o buscarlos en la internet en www.unibe.edu.do, en la cual pueden encontrar el listado de los requisitos y los formularios.  El tel\u00e9fono de contacto es el 809-689-1111, ext 4016.<\/span><\/p>\n<h6> 2009-03-31 17:58:35 <\/h6>\n<p><!--\n<link rel=\"stylesheet\" href=\"css\/bootstrap.min.css\">\n\n\n<ul class=\"pagination\">\n\t    \n\t\n\n<li >\n\t<a href='?page_no=20397'>Previous<\/a>\n\t<\/li>\n\n\n       \n    \n\n<li><a href='?page_no=1'>1<\/a><\/li>\n\n\n\n<li><a href='?page_no=2'>2<\/a><\/li>\n\n\n\n<li><a>...<\/a><\/li>\n\n\n\n<li><a href='?page_no=20396'>20396<\/a><\/li>\n\n\n\n<li><a href='?page_no=20397'>20397<\/a><\/li>\n\n\n\n<li class='active'><a>20398<\/a><\/li>\n\n\n\n<li><a href='?page_no=20399'>20399<\/a><\/li>\n\n\n\n<li><a href='?page_no=20400'>20400<\/a><\/li>\n\n\n\n<li><a>...<\/a><\/li>\n\n\n\n<li><a href='?page_no=22522'>22522<\/a><\/li>\n\n\n\n<li><a href='?page_no=22523'>22523<\/a><\/li>\n\n    \n\t\n\n<li >\n\t<a href='?page_no=20399'>Next<\/a>\n\t<\/li>\n\n\n    \n\n<li><a href='?page_no=22523'>Last &rsaquo;&rsaquo;<\/a><\/li>\n\n<\/ul>\n\n\n--><br \/>\n<\/body><\/p>\n","protected":false},"excerpt":{"rendered":"<p>El programa de becas L\u00edderes del Ma\u00f1ana, tiene como prop\u00f3sito identificar j\u00f3venes dominicanos que est\u00e9n actualmente en el 4to de bachillerato que hayan demostrado tener compromiso social y aptitudes de liderazgo acompa\u00f1ados de un buen desempe\u00f1o acad\u00e9mico para que puedan realizar su carrera universitaria en la Universidad Iberoamericana UNIBE Este programa de becas tiene como [&hellip;]<\/p>\n","protected":false},"author":3,"featured_media":0,"comment_status":"open","ping_status":"open","sticky":false,"template":"","format":"standard","meta":{"footnotes":""},"categories":[25],"tags":[],"class_list":["post-91776","post","type-post","status-publish","format-standard","hentry","category-gente"],"_links":{"self":[{"href":"https:\/\/diariodominicano.com\/index.php?rest_route=\/wp\/v2\/posts\/91776","targetHints":{"allow":["GET"]}}],"collection":[{"href":"https:\/\/diariodominicano.com\/index.php?rest_route=\/wp\/v2\/posts"}],"about":[{"href":"https:\/\/diariodominicano.com\/index.php?rest_route=\/wp\/v2\/types\/post"}],"author":[{"embeddable":true,"href":"https:\/\/diariodominicano.com\/index.php?rest_route=\/wp\/v2\/users\/3"}],"replies":[{"embeddable":true,"href":"https:\/\/diariodominicano.com\/index.php?rest_route=%2Fwp%2Fv2%2Fcomments&post=91776"}],"version-history":[{"count":0,"href":"https:\/\/diariodominicano.com\/index.php?rest_route=\/wp\/v2\/posts\/91776\/revisions"}],"wp:attachment":[{"href":"https:\/\/diariodominicano.com\/index.php?rest_route=%2Fwp%2Fv2%2Fmedia&parent=91776"}],"wp:term":[{"taxonomy":"category","embeddable":true,"href":"https:\/\/diariodominicano.com\/index.php?rest_route=%2Fwp%2Fv2%2Fcategories&post=91776"},{"taxonomy":"post_tag","embeddable":true,"href":"https:\/\/diariodominicano.com\/index.php?rest_route=%2Fwp%2Fv2%2Ftags&post=91776"}],"curies":[{"name":"wp","href":"https:\/\/api.w.org\/{rel}","templated":true}]}}