{"id":91775,"date":"2009-03-31T20:17:15","date_gmt":"2009-03-31T20:17:15","guid":{"rendered":"http:\/\/diariodominicano.ddns.net\/?p=91775"},"modified":"2009-03-31T20:17:15","modified_gmt":"2009-03-31T20:17:15","slug":"cotui-espera-a-pena-suazo-con-sus-casandra","status":"publish","type":"post","link":"https:\/\/diariodominicano.com\/?p=91775","title":{"rendered":"Cotui espera a Pe\u00f1a Suazo con sus Casandra"},"content":{"rendered":"<p><body><\/p>\n<p><span class=\"text1noticias\">El recibimiento ser\u00e1 el s\u00e1bado 4 de abril, frente a la gobernaci\u00f3n<\/span><\/p>\n<p><span class=\"text1noticias\"> <\/span><\/p>\n<p><span class=\"text1noticias\">El pueblo de Cotu\u00ed se prepara para recibir al merenguero Jos\u00e9 Virgilio Pe\u00f1a Suazo, quien se convirti\u00f3 en el m\u00e1ximo ganador de los premios Casandra al recibir tres estatuillas plateadas. <\/span><\/p>\n<p><span class=\"text1noticias\"> <\/span><\/p>\n<p><span class=\"text1noticias\">El recibimiento se lo dar\u00e1 su pueblo este s\u00e1bado  4 de abril, en la explanada frontal de la Gobernaci\u00f3n de su ciudad natal.<\/span><\/p>\n<p><span class=\"text1noticias\"> <\/span><\/p>\n<p><span class=\"text1noticias\">El llamado ?Rey del mambo?  se llev\u00f3 los galardones en la categor\u00eda de ?Merengue del a\u00f1o?, ?Arreglista del a\u00f1o?, y ?Compositor del a\u00f1o?.<\/span><\/p>\n<p><span class=\"text1noticias\"> <\/span><\/p>\n<p><span class=\"text1noticias\">Cotui, el pueblo adorado de Pe\u00f1a Suazo, merenguero que se convierte en el primer cotuisano en ganarse  tres estatuillas de estos codiciados premios, est\u00e1 de fiesta y por eso los organizadores de este fiest\u00f3n esperan la llegada este s\u00e1bado de m\u00e1s de 30 mil personas, que le dar\u00e1n un recibimiento  a su hijo, un hombre que triunfa por su talento y creatividad.<\/span><\/p>\n<p><span class=\"text1noticias\"> <\/span><\/p>\n<p><span class=\"text1noticias\">La fiesta donde se le har\u00e1 sentir a Pe\u00f1a Suazo que es querido por su pueblo empieza a las ocho de la noche.<\/span><\/p>\n<p><span class=\"text1noticias\"> <\/span><\/p>\n<p><span class=\"text1noticias\">Adem\u00e1s de los renglones donde resulto ganador, el l\u00edder de la Banda Gorda, Jos\u00e9 Virgilio Pe\u00f1a Suazo, tambi\u00e9n estuvo nominado como Orquesta del a\u00f1o, Orquestador y\/o Arreglista,  y tambi\u00e9n como \u00c1lbum Musical del a\u00f1o con ?The Number One?.<\/span><\/p>\n<p><span class=\"text1noticias\"> <\/span><\/p>\n<p><span class=\"text1noticias\">El hijo de do\u00f1a Nina, Pe\u00f1a Suazo se inici\u00f3 como trompetista en la orquesta de Cuco Valoy. All\u00ed compuso su primer tema ?El milloncito? y le fue muy bien porque se us\u00f3 en la pel\u00edcula ?Hard way?. Luego de Cuco pasa a formar parte de la agrupaci\u00f3n La Artiller\u00eda donde, adem\u00e1s de tocar la trompeta era director musical. ?No te lleves de la gente?, ?El gato? y otros fueron su obra para este grupo que tuvo su repunte por los a\u00f1os 80.<\/span><\/p>\n<p><span class=\"text1noticias\"> <\/span><\/p>\n<p><span class=\"text1noticias\">Luego pasa a formar parte de la orquesta Coco Band de Pochy Familia, como m\u00fasico y compuso el corte  ?A las mujeres le est\u00e1n gustando los hombres? y ?La compota?, entre otros. Con la separaci\u00f3n de la Coco Band, el l\u00edder de La Banda Gorda se queda con la Rokabanda, y de ah\u00ed decide formar su propia orquesta en el a\u00f1o 1995, al presente 2009 el artista celebra 15 a\u00f1os en la escena musical nacional e internacional. <\/span><\/p>\n<p><span class=\"text1noticias\"> <\/span><\/p>\n<p><span class=\"text1noticias\">El primer \u00e9xito que peg\u00f3 y grab\u00f3 con su orquesta fue para una Navidad y se llam\u00f3 ?La rumba? y m\u00e1s luego ?Candela pura? y ?Pa&#8217; lo que sufren?. Lo dem\u00e1s ya es historia.<\/span><\/p>\n<h6> 2009-03-31 20:17:15 <\/h6>\n<p><!--\n<link rel=\"stylesheet\" href=\"css\/bootstrap.min.css\">\n\n\n<ul class=\"pagination\">\n\t    \n\t\n\n<li >\n\t<a href='?page_no=20396'>Previous<\/a>\n\t<\/li>\n\n\n       \n    \n\n<li><a href='?page_no=1'>1<\/a><\/li>\n\n\n\n<li><a href='?page_no=2'>2<\/a><\/li>\n\n\n\n<li><a>...<\/a><\/li>\n\n\n\n<li><a href='?page_no=20395'>20395<\/a><\/li>\n\n\n\n<li><a href='?page_no=20396'>20396<\/a><\/li>\n\n\n\n<li class='active'><a>20397<\/a><\/li>\n\n\n\n<li><a href='?page_no=20398'>20398<\/a><\/li>\n\n\n\n<li><a href='?page_no=20399'>20399<\/a><\/li>\n\n\n\n<li><a>...<\/a><\/li>\n\n\n\n<li><a href='?page_no=22522'>22522<\/a><\/li>\n\n\n\n<li><a href='?page_no=22523'>22523<\/a><\/li>\n\n    \n\t\n\n<li >\n\t<a href='?page_no=20398'>Next<\/a>\n\t<\/li>\n\n\n    \n\n<li><a href='?page_no=22523'>Last &rsaquo;&rsaquo;<\/a><\/li>\n\n<\/ul>\n\n\n--><br \/>\n<\/body><\/p>\n","protected":false},"excerpt":{"rendered":"<p>El recibimiento ser\u00e1 el s\u00e1bado 4 de abril, frente a la gobernaci\u00f3n El pueblo de Cotu\u00ed se prepara para recibir al merenguero Jos\u00e9 Virgilio Pe\u00f1a Suazo, quien se convirti\u00f3 en el m\u00e1ximo ganador de los premios Casandra al recibir tres estatuillas plateadas. El recibimiento se lo dar\u00e1 su pueblo este s\u00e1bado 4 de abril, en [&hellip;]<\/p>\n","protected":false},"author":3,"featured_media":0,"comment_status":"open","ping_status":"open","sticky":false,"template":"","format":"standard","meta":{"footnotes":""},"categories":[25],"tags":[],"class_list":["post-91775","post","type-post","status-publish","format-standard","hentry","category-gente"],"_links":{"self":[{"href":"https:\/\/diariodominicano.com\/index.php?rest_route=\/wp\/v2\/posts\/91775","targetHints":{"allow":["GET"]}}],"collection":[{"href":"https:\/\/diariodominicano.com\/index.php?rest_route=\/wp\/v2\/posts"}],"about":[{"href":"https:\/\/diariodominicano.com\/index.php?rest_route=\/wp\/v2\/types\/post"}],"author":[{"embeddable":true,"href":"https:\/\/diariodominicano.com\/index.php?rest_route=\/wp\/v2\/users\/3"}],"replies":[{"embeddable":true,"href":"https:\/\/diariodominicano.com\/index.php?rest_route=%2Fwp%2Fv2%2Fcomments&post=91775"}],"version-history":[{"count":0,"href":"https:\/\/diariodominicano.com\/index.php?rest_route=\/wp\/v2\/posts\/91775\/revisions"}],"wp:attachment":[{"href":"https:\/\/diariodominicano.com\/index.php?rest_route=%2Fwp%2Fv2%2Fmedia&parent=91775"}],"wp:term":[{"taxonomy":"category","embeddable":true,"href":"https:\/\/diariodominicano.com\/index.php?rest_route=%2Fwp%2Fv2%2Fcategories&post=91775"},{"taxonomy":"post_tag","embeddable":true,"href":"https:\/\/diariodominicano.com\/index.php?rest_route=%2Fwp%2Fv2%2Ftags&post=91775"}],"curies":[{"name":"wp","href":"https:\/\/api.w.org\/{rel}","templated":true}]}}