{"id":91774,"date":"2009-03-31T21:59:38","date_gmt":"2009-03-31T21:59:38","guid":{"rendered":"http:\/\/diariodominicano.ddns.net\/?p=91774"},"modified":"2009-03-31T21:59:38","modified_gmt":"2009-03-31T21:59:38","slug":"uapa-celebra-en-santiago-su-vigesima-segunda-graduacion-con-271-profesionales","status":"publish","type":"post","link":"https:\/\/diariodominicano.com\/?p=91774","title":{"rendered":"UAPA CELEBRA EN SANTIAGO  SU VIGESIMA SEGUNDA GRADUACION CON 271 PROFESIONALES"},"content":{"rendered":"<p><body><\/p>\n<p><img decoding=\"async\" src=\"http:\/\/localhost:8080\/gente\/img3\/uapas.jpg\" \/>  <\/p>\n<p><span class=\"text1noticias\">Los graduandos m\u00e1s destacados recibieron placas de reconocimientos, anillo y pin de la Universidad <\/span><\/p>\n<\/p>\n<p><span class=\"text1noticias\">SANTIAGO.-   Con gran satisfacci\u00f3n de implementar un nuevo modelo de ense\u00f1anza en el pa\u00eds, la Universidad Abierta para Adultos (UAPA), celebr\u00f3 su Vig\u00e9sima Segunda Graduaci\u00f3n Ordinaria, acto en que se invistieron 271 nuevos profesionales y mag\u00edster en distintas \u00e1reas.<\/span><\/p>\n<\/p>\n<p><span class=\"text1noticias\">La ceremonia efectuada en el campus de la sede de la referida entidad, sirvi\u00f3 de escenario para que el rector y fundador de la UAPA, doctor \u00c1ngel Hern\u00e1ndez, externar\u00e1 su preocupaci\u00f3n el incremento de la delincuencia en la naci\u00f3n dominicana.<\/span><\/p>\n<\/p>\n<p><span class=\"text1noticias\">Con relaci\u00f3n a la educaci\u00f3n expres\u00f3 que el pa\u00eds debe estar orientado a que todos los habitantes de la Republica Dominicana reciban una formaci\u00f3n con calidad , a que todos tengan la posibilidad de obtener una vivienda digna, a que todos tengan garantizada la salud y una pensi\u00f3n justa cuando le toque la oportunidad de retiro laboral y transitar por las calles sin peligro a perder la vida.<\/span><\/p>\n<\/p>\n<p><span class=\"text1noticias\">El funcionario acad\u00e9mico exhort\u00f3 a los flamantes profesionales-oriundos de todos los pueblos cibae\u00f1os-  a construir una sociedad  mejor y tener presente actuar en base a la \u00e9tica y la moral y poner sus conocimientos al servicio de los dem\u00e1s.<\/span><\/p>\n<\/p>\n<p><span class=\"text1noticias\">La vicerrectora acad\u00e9mica, Cecilia Tejada pronunci\u00f3 un emotivo discurso de apertura en la graduaci\u00f3n, en la que resalt\u00f3 el compromiso del profesional con la sociedad.<\/span><\/p>\n<\/p>\n<p><span class=\"text1noticias\">En la ceremonia se reconocieron los graduandos m\u00e1s valiosos de cada escuela, entre los que se destacan: Mar\u00eda del Carmen Evangelista (Educaci\u00f3n); Mar\u00eda Hern\u00e1ndez (Ciencias Jur\u00eddicas y Pol\u00edticas);   Alexandra Maria Cruz( Psicolog\u00eda); Raquel Castro Flete de Negocios y quien fue la mas destacada de la promoci\u00f3n. Tambi\u00e9n Arismendy Rodr\u00edguez de la Escuela de Postgrado, este \u00faltimo es director del Departamento de Biblioteca de la Universidad.<\/span><\/p>\n<\/p>\n<p><span class=\"text1noticias\">Todos recibieron placas de reconocimientos de manos de las autoridades, as\u00ed tambi\u00e9n anillo y pin de la Instituci\u00f3n.<\/span><\/p>\n<\/p>\n<p><span class=\"text1noticias\">La directiva del Colegio de Egresados de la Universidad Abierta para Adultos (COLEUAPA), en la persona se su presidente licenciado Kevin Taverasd, entreg\u00f3 una placa a la graduanda de mayor merito acad\u00e9mico de la promoci\u00f3n. <\/span><\/p>\n<\/p>\n<p><span class=\"text1noticias\">La mesa de honor estuvo representada por los miembros del consejo Acad\u00e9mico,  el rector Angel Hern\u00e1ndez; Mirian Acosta, exrectora; Cecilia Tejada, vicerrectora acad\u00e9mica; Fernando Hern\u00e1ndez, vicerrector de Planificaci\u00f3n y Desarrollo; Magdalena Cruz, vicerrectora de Relaciones Internacionales y la invitada especial, Elizabeth De Wind, presidenta de la Asociaci\u00f3n de Dominicana de Rectores Universitarios (ADRU).\/\/<\/span><\/p>\n<h6> 2009-03-31 21:59:38 <\/h6>\n<p><!--\n<link rel=\"stylesheet\" href=\"css\/bootstrap.min.css\">\n\n\n<ul class=\"pagination\">\n\t    \n\t\n\n<li >\n\t<a href='?page_no=20395'>Previous<\/a>\n\t<\/li>\n\n\n       \n    \n\n<li><a href='?page_no=1'>1<\/a><\/li>\n\n\n\n<li><a href='?page_no=2'>2<\/a><\/li>\n\n\n\n<li><a>...<\/a><\/li>\n\n\n\n<li><a href='?page_no=20394'>20394<\/a><\/li>\n\n\n\n<li><a href='?page_no=20395'>20395<\/a><\/li>\n\n\n\n<li class='active'><a>20396<\/a><\/li>\n\n\n\n<li><a href='?page_no=20397'>20397<\/a><\/li>\n\n\n\n<li><a href='?page_no=20398'>20398<\/a><\/li>\n\n\n\n<li><a>...<\/a><\/li>\n\n\n\n<li><a href='?page_no=22522'>22522<\/a><\/li>\n\n\n\n<li><a href='?page_no=22523'>22523<\/a><\/li>\n\n    \n\t\n\n<li >\n\t<a href='?page_no=20397'>Next<\/a>\n\t<\/li>\n\n\n    \n\n<li><a href='?page_no=22523'>Last &rsaquo;&rsaquo;<\/a><\/li>\n\n<\/ul>\n\n\n--><br \/>\n<\/body><\/p>\n","protected":false},"excerpt":{"rendered":"<p>Los graduandos m\u00e1s destacados recibieron placas de reconocimientos, anillo y pin de la Universidad SANTIAGO.- Con gran satisfacci\u00f3n de implementar un nuevo modelo de ense\u00f1anza en el pa\u00eds, la Universidad Abierta para Adultos (UAPA), celebr\u00f3 su Vig\u00e9sima Segunda Graduaci\u00f3n Ordinaria, acto en que se invistieron 271 nuevos profesionales y mag\u00edster en distintas \u00e1reas. La ceremonia [&hellip;]<\/p>\n","protected":false},"author":3,"featured_media":0,"comment_status":"open","ping_status":"open","sticky":false,"template":"","format":"standard","meta":{"footnotes":""},"categories":[25],"tags":[],"class_list":["post-91774","post","type-post","status-publish","format-standard","hentry","category-gente"],"_links":{"self":[{"href":"https:\/\/diariodominicano.com\/index.php?rest_route=\/wp\/v2\/posts\/91774","targetHints":{"allow":["GET"]}}],"collection":[{"href":"https:\/\/diariodominicano.com\/index.php?rest_route=\/wp\/v2\/posts"}],"about":[{"href":"https:\/\/diariodominicano.com\/index.php?rest_route=\/wp\/v2\/types\/post"}],"author":[{"embeddable":true,"href":"https:\/\/diariodominicano.com\/index.php?rest_route=\/wp\/v2\/users\/3"}],"replies":[{"embeddable":true,"href":"https:\/\/diariodominicano.com\/index.php?rest_route=%2Fwp%2Fv2%2Fcomments&post=91774"}],"version-history":[{"count":0,"href":"https:\/\/diariodominicano.com\/index.php?rest_route=\/wp\/v2\/posts\/91774\/revisions"}],"wp:attachment":[{"href":"https:\/\/diariodominicano.com\/index.php?rest_route=%2Fwp%2Fv2%2Fmedia&parent=91774"}],"wp:term":[{"taxonomy":"category","embeddable":true,"href":"https:\/\/diariodominicano.com\/index.php?rest_route=%2Fwp%2Fv2%2Fcategories&post=91774"},{"taxonomy":"post_tag","embeddable":true,"href":"https:\/\/diariodominicano.com\/index.php?rest_route=%2Fwp%2Fv2%2Ftags&post=91774"}],"curies":[{"name":"wp","href":"https:\/\/api.w.org\/{rel}","templated":true}]}}