{"id":91773,"date":"2009-04-01T15:00:35","date_gmt":"2009-04-01T15:00:35","guid":{"rendered":"http:\/\/diariodominicano.ddns.net\/?p=91773"},"modified":"2009-04-01T15:00:35","modified_gmt":"2009-04-01T15:00:35","slug":"los-simpson-irrumpen-en-el-correo-estadounidense","status":"publish","type":"post","link":"https:\/\/diariodominicano.com\/?p=91773","title":{"rendered":"&#8216;Los Simpson&#8217; irrumpen en el correo estadounidense"},"content":{"rendered":"<p><body><\/p>\n<p><img decoding=\"async\" src=\"http:\/\/localhost:8080\/gente\/img3\/simson.jpg\" \/>  <\/p>\n<p><span class=\"text1noticias\">La serie animada ser\u00e1 la primera en contar con su imagen en sellos postales <\/span><\/p>\n<\/p>\n<p><span class=\"text1noticias\">ELPA\u00cdS.com &#8211; Madrid &#8211; 01\/04\/2009 <\/span><\/p>\n<p><span class=\"text1noticias\"> <\/span><\/p>\n<p><span class=\"text1noticias\">Una de las familias m\u00e1s famosas de la sociedad norteamericana ser\u00e1 honrada nada menos que por el servicio postal estadounidense, que editar\u00e1 sellos de correo con la imagen de los populares Simpson. De esta forma, desde el 9 de abril, Homer, Marge, Bart, Lisa y Maggie aparecer\u00e1n dibujados en los sellos de 44 centavos.<\/span><\/p>\n<\/p>\n<p><span class=\"text1noticias\">Los dise\u00f1os fueron encargados al creador de Los Simpson, Matt Groening, y, seg\u00fan informa la BBC, celebrar\u00e1n a la serie c\u00f3mica m\u00e1s longeva del prime time de la televisi\u00f3n estadounidense, que este a\u00f1o conmemorar\u00e1 su vig\u00e9simo aniversario.<\/span><\/p>\n<\/p>\n<p><span class=\"text1noticias\">\u00abFrancamente, Los Simpsons son un icono de Estados Unidos\u00bb, ha declarado el portavoz del servicio postal de aquel pa\u00eds, Mark Saunders. \u00abEstamos felices con este lanzamiento y nos imaginamos que todos los norteamericanos lo estar\u00e1n. Es una gran oportunidad para nosotros de lograr que una nueva generaci\u00f3n se entusiasme con los sellos\u00bb.<\/span><\/p>\n<\/p>\n<p><span class=\"text1noticias\">Saunders ha a\u00f1adido que se trata de la primera serie de televisi\u00f3n que contar\u00e1 con sus propios sellos de correos. Y es que cada a\u00f1o, el servicio postal recibe m\u00e1s de 50.000 sugerencias para dise\u00f1ar nuevos sellos, pero s\u00f3lo 20 conforman una lista que llega a manos del Gobierno, que es quien finalmente decide.<\/span><\/p>\n<h6> 2009-04-01 15:00:35 <\/h6>\n<p><!--\n<link rel=\"stylesheet\" href=\"css\/bootstrap.min.css\">\n\n\n<ul class=\"pagination\">\n\t    \n\t\n\n<li >\n\t<a href='?page_no=20394'>Previous<\/a>\n\t<\/li>\n\n\n       \n    \n\n<li><a href='?page_no=1'>1<\/a><\/li>\n\n\n\n<li><a href='?page_no=2'>2<\/a><\/li>\n\n\n\n<li><a>...<\/a><\/li>\n\n\n\n<li><a href='?page_no=20393'>20393<\/a><\/li>\n\n\n\n<li><a href='?page_no=20394'>20394<\/a><\/li>\n\n\n\n<li class='active'><a>20395<\/a><\/li>\n\n\n\n<li><a href='?page_no=20396'>20396<\/a><\/li>\n\n\n\n<li><a href='?page_no=20397'>20397<\/a><\/li>\n\n\n\n<li><a>...<\/a><\/li>\n\n\n\n<li><a href='?page_no=22522'>22522<\/a><\/li>\n\n\n\n<li><a href='?page_no=22523'>22523<\/a><\/li>\n\n    \n\t\n\n<li >\n\t<a href='?page_no=20396'>Next<\/a>\n\t<\/li>\n\n\n    \n\n<li><a href='?page_no=22523'>Last &rsaquo;&rsaquo;<\/a><\/li>\n\n<\/ul>\n\n\n--><br \/>\n<\/body><\/p>\n","protected":false},"excerpt":{"rendered":"<p>La serie animada ser\u00e1 la primera en contar con su imagen en sellos postales ELPA\u00cdS.com &#8211; Madrid &#8211; 01\/04\/2009 Una de las familias m\u00e1s famosas de la sociedad norteamericana ser\u00e1 honrada nada menos que por el servicio postal estadounidense, que editar\u00e1 sellos de correo con la imagen de los populares Simpson. De esta forma, desde [&hellip;]<\/p>\n","protected":false},"author":3,"featured_media":0,"comment_status":"open","ping_status":"open","sticky":false,"template":"","format":"standard","meta":{"footnotes":""},"categories":[25],"tags":[],"class_list":["post-91773","post","type-post","status-publish","format-standard","hentry","category-gente"],"_links":{"self":[{"href":"https:\/\/diariodominicano.com\/index.php?rest_route=\/wp\/v2\/posts\/91773","targetHints":{"allow":["GET"]}}],"collection":[{"href":"https:\/\/diariodominicano.com\/index.php?rest_route=\/wp\/v2\/posts"}],"about":[{"href":"https:\/\/diariodominicano.com\/index.php?rest_route=\/wp\/v2\/types\/post"}],"author":[{"embeddable":true,"href":"https:\/\/diariodominicano.com\/index.php?rest_route=\/wp\/v2\/users\/3"}],"replies":[{"embeddable":true,"href":"https:\/\/diariodominicano.com\/index.php?rest_route=%2Fwp%2Fv2%2Fcomments&post=91773"}],"version-history":[{"count":0,"href":"https:\/\/diariodominicano.com\/index.php?rest_route=\/wp\/v2\/posts\/91773\/revisions"}],"wp:attachment":[{"href":"https:\/\/diariodominicano.com\/index.php?rest_route=%2Fwp%2Fv2%2Fmedia&parent=91773"}],"wp:term":[{"taxonomy":"category","embeddable":true,"href":"https:\/\/diariodominicano.com\/index.php?rest_route=%2Fwp%2Fv2%2Fcategories&post=91773"},{"taxonomy":"post_tag","embeddable":true,"href":"https:\/\/diariodominicano.com\/index.php?rest_route=%2Fwp%2Fv2%2Ftags&post=91773"}],"curies":[{"name":"wp","href":"https:\/\/api.w.org\/{rel}","templated":true}]}}