{"id":91772,"date":"2009-04-01T15:03:50","date_gmt":"2009-04-01T15:03:50","guid":{"rendered":"http:\/\/diariodominicano.ddns.net\/?p=91772"},"modified":"2009-04-01T15:03:50","modified_gmt":"2009-04-01T15:03:50","slug":"la-sirena-celebra-feria-de-empleos-en-la-vega","status":"publish","type":"post","link":"https:\/\/diariodominicano.com\/?p=91772","title":{"rendered":"La Sirena celebra feria de empleos en La Vega"},"content":{"rendered":"<p><body><\/p>\n<p><img decoding=\"async\" src=\"http:\/\/localhost:8080\/gente\/img3\/sirenas.jpg\" \/>  <\/p>\n<p><span class=\"text1noticias\">El prop\u00f3sito de esta actividad es reclutar personal para el nuevo multicentro La Sirena La Vega, el cual iniciar\u00e1 operaciones a mediados del presente a\u00f1o.<\/span><\/p>\n<\/p>\n<p><span class=\"text1noticias\">Con motivo de la pr\u00f3xima apertura de un nuevo establecimiento comercial en la provincia de La Vega, La Sirena realizar\u00e1 una feria de empleos los d\u00edas 7 y 8 abril en el Estadio Ol\u00edmpico, ubicado en la avenida Rivas de esa localidad.<\/span><\/p>\n<\/p>\n<p><span class=\"text1noticias\">El prop\u00f3sito de esta actividad es reclutar personal para el nuevo multicentro La Sirena La Vega, el cual iniciar\u00e1 operaciones a mediados del presente a\u00f1o.<\/span><\/p>\n<\/p>\n<p><span class=\"text1noticias\">La feria de empleos se desarrollar\u00e1 en horario de nueve de la ma\u00f1ana a siete de la noche, informaron ejecutivos de Recursos Humanos de Grupo Ramos, empresa que opera los multicentros La Sirena y los supermercados Pola.<\/span><\/p>\n<\/p>\n<p><span class=\"text1noticias\">Las personas interesadas en optar por empleos en La Sirena, deben presentarse al Estadio Ol\u00edmpico durante los d\u00edas que dure la feria, con su curriculum vitae, fotograf\u00eda tama\u00f1o 2&#215;2, copia de c\u00e9dula de identidad y electoral y copia de los certificados de estudios o comprobante de pruebas nacionales.<\/span><\/p>\n<\/p>\n<p><span class=\"text1noticias\">La Sirena<\/span><\/p>\n<\/p>\n<p><span class=\"text1noticias\">La Sirena es la tienda por departamentos l\u00edder de la Rep\u00fablica Dominicana.   La empresa es operada por Grupo Ramos bajo el formato de multicentro, el cual  se caracteriza por ofrecer en un mismo lugar la m\u00e1s amplia variedad de productos al mejor precio posible del mercado, adem\u00e1s de una gran diversidad de servicios complementarios, tales como: lavander\u00eda, bancos, telef\u00f3nicas, remesadoras y farmacias, entre otras.<\/span><\/p>\n<\/p>\n<p><span class=\"text1noticias\">Actualmente Grupo Ramos opera 13 multicentros La Sirena distribuidos en Santo Domingo, San Crist\u00f3bal, Santiago, San Francisco de Macor\u00eds y Puerto Plata; y trabaja en el desarrollo de dos nuevas sucursales, una en la provincia de La Vega y otra en la avenida Luper\u00f3n, en Santo Domingo.<\/span><\/p>\n<h6> 2009-04-01 15:03:50 <\/h6>\n<p><!--\n<link rel=\"stylesheet\" href=\"css\/bootstrap.min.css\">\n\n\n<ul class=\"pagination\">\n\t    \n\t\n\n<li >\n\t<a href='?page_no=20393'>Previous<\/a>\n\t<\/li>\n\n\n       \n    \n\n<li><a href='?page_no=1'>1<\/a><\/li>\n\n\n\n<li><a href='?page_no=2'>2<\/a><\/li>\n\n\n\n<li><a>...<\/a><\/li>\n\n\n\n<li><a href='?page_no=20392'>20392<\/a><\/li>\n\n\n\n<li><a href='?page_no=20393'>20393<\/a><\/li>\n\n\n\n<li class='active'><a>20394<\/a><\/li>\n\n\n\n<li><a href='?page_no=20395'>20395<\/a><\/li>\n\n\n\n<li><a href='?page_no=20396'>20396<\/a><\/li>\n\n\n\n<li><a>...<\/a><\/li>\n\n\n\n<li><a href='?page_no=22522'>22522<\/a><\/li>\n\n\n\n<li><a href='?page_no=22523'>22523<\/a><\/li>\n\n    \n\t\n\n<li >\n\t<a href='?page_no=20395'>Next<\/a>\n\t<\/li>\n\n\n    \n\n<li><a href='?page_no=22523'>Last &rsaquo;&rsaquo;<\/a><\/li>\n\n<\/ul>\n\n\n--><br \/>\n<\/body><\/p>\n","protected":false},"excerpt":{"rendered":"<p>El prop\u00f3sito de esta actividad es reclutar personal para el nuevo multicentro La Sirena La Vega, el cual iniciar\u00e1 operaciones a mediados del presente a\u00f1o. Con motivo de la pr\u00f3xima apertura de un nuevo establecimiento comercial en la provincia de La Vega, La Sirena realizar\u00e1 una feria de empleos los d\u00edas 7 y 8 abril [&hellip;]<\/p>\n","protected":false},"author":3,"featured_media":0,"comment_status":"open","ping_status":"open","sticky":false,"template":"","format":"standard","meta":{"footnotes":""},"categories":[25],"tags":[],"class_list":["post-91772","post","type-post","status-publish","format-standard","hentry","category-gente"],"_links":{"self":[{"href":"https:\/\/diariodominicano.com\/index.php?rest_route=\/wp\/v2\/posts\/91772","targetHints":{"allow":["GET"]}}],"collection":[{"href":"https:\/\/diariodominicano.com\/index.php?rest_route=\/wp\/v2\/posts"}],"about":[{"href":"https:\/\/diariodominicano.com\/index.php?rest_route=\/wp\/v2\/types\/post"}],"author":[{"embeddable":true,"href":"https:\/\/diariodominicano.com\/index.php?rest_route=\/wp\/v2\/users\/3"}],"replies":[{"embeddable":true,"href":"https:\/\/diariodominicano.com\/index.php?rest_route=%2Fwp%2Fv2%2Fcomments&post=91772"}],"version-history":[{"count":0,"href":"https:\/\/diariodominicano.com\/index.php?rest_route=\/wp\/v2\/posts\/91772\/revisions"}],"wp:attachment":[{"href":"https:\/\/diariodominicano.com\/index.php?rest_route=%2Fwp%2Fv2%2Fmedia&parent=91772"}],"wp:term":[{"taxonomy":"category","embeddable":true,"href":"https:\/\/diariodominicano.com\/index.php?rest_route=%2Fwp%2Fv2%2Fcategories&post=91772"},{"taxonomy":"post_tag","embeddable":true,"href":"https:\/\/diariodominicano.com\/index.php?rest_route=%2Fwp%2Fv2%2Ftags&post=91772"}],"curies":[{"name":"wp","href":"https:\/\/api.w.org\/{rel}","templated":true}]}}